{"id":7489,"date":"2023-11-19T19:25:15","date_gmt":"2023-11-19T18:25:15","guid":{"rendered":"https:\/\/accent4.com\/preprod\/?p=7489"},"modified":"2023-11-24T16:53:01","modified_gmt":"2023-11-24T15:53:01","slug":"les-plus-belles-melodies-de-lukraine-au-coeur-de-leurope","status":"publish","type":"post","link":"https:\/\/accent4.com\/preprod\/les-plus-belles-melodies-de-lukraine-au-coeur-de-leurope-7489\/","title":{"rendered":"Les plus belles m\u00e9lodies de l&rsquo;Ukraine au c\u0153ur de l&rsquo;Europe"},"content":{"rendered":"\n<p><strong>Derni\u00e8re minute ! <\/strong><\/p>\n\n\n\n<p><strong>Le Ch\u0153ur national d&rsquo;Ukraine DUMKA est de passage \u00e0 Strasbourg pour un concert GRATUIT \u00e0 la cath\u00e9drale le 30 novembre \u00e0 18H30<\/strong><\/p>\n\n\n\n<p>Fond\u00e9e en 1919, <a href=\"https:\/\/www.lesmusicalesdukraine.com\/evenement\/lille\/\">la Capella DUMKA<\/a> est reconnue comme l\u2019un des meilleurs ensembles vocaux du monde. DUMKA poss\u00e8de dans son r\u00e9pertoire toutes les \u0153uvres majeures du patrimoine de la musique chorale occidentale et ukrainienne et s\u00e9duit le public par la qualit\u00e9 de son interpr\u00e9tation.<\/p>\n\n\n\n<figure class=\"wp-block-image size-large is-resized\"><img fetchpriority=\"high\" decoding=\"async\" width=\"1024\" height=\"683\" src=\"https:\/\/accent4.com\/preprod\/wp-content\/uploads\/2023\/11\/Choeur_Ukraine-1024x683.jpg\" alt=\"\" class=\"wp-image-7490\" style=\"width:492px;height:auto\" srcset=\"https:\/\/accent4.com\/preprod\/wp-content\/uploads\/2023\/11\/Choeur_Ukraine-1024x683.jpg 1024w, https:\/\/accent4.com\/preprod\/wp-content\/uploads\/2023\/11\/Choeur_Ukraine-300x200.jpg 300w, https:\/\/accent4.com\/preprod\/wp-content\/uploads\/2023\/11\/Choeur_Ukraine-768x512.jpg 768w, https:\/\/accent4.com\/preprod\/wp-content\/uploads\/2023\/11\/Choeur_Ukraine-750x500.jpg 750w, https:\/\/accent4.com\/preprod\/wp-content\/uploads\/2023\/11\/Choeur_Ukraine-1140x760.jpg 1140w, https:\/\/accent4.com\/preprod\/wp-content\/uploads\/2023\/11\/Choeur_Ukraine.jpg 1536w\" sizes=\"(max-width: 1024px) 100vw, 1024px\" \/><figcaption class=\"wp-element-caption\">(C) Ch\u0153ur national d&rsquo;Ukraine<\/figcaption><\/figure>\n\n\n\n<p>Elle a \u00e9t\u00e9 invit\u00e9e dans de nombreuses salles prestigieuses (Concertgebouw \u00e0 Amsterdam, The Old Vic \u00e0 Londres, Carnegie Hall \u00e0 New York, le Th\u00e9\u00e2tre des Champs-\u00c9lys\u00e9es \u00e0 Paris) et s\u2019est produite avec de nombreux chanteurs et chefs d\u2019orchestre de renom dont Jos\u00e9 Carreras, Ennio Morricone ou Krzysztof Penderecki.<\/p>\n\n\n\n<p>A l&rsquo;approche de No\u00ebl, vivez des moments inoubliables avec le mondialement r\u00e9put\u00e9 ch\u0153ur national d&rsquo;Ukraine DUMKA. Fond\u00e9e en 1919, DUMKA est reconnue comme l\u2019un des meilleurs ensembles vocaux du monde. Au programme, les \u0153uvres de grands compositeurs ukrainiens du d\u00e9but du vingti\u00e8me si\u00e8cle jusqu&rsquo;\u00e0 nos jours. D\u00e9couvrez les chefs-d\u2019\u0153uvre de ce patrimoine musical d&rsquo;exception. Immersion garantie dans l&rsquo;univers envo\u00fbtant du chant choral ukrainien <em>a<\/em> <em>cappella<\/em>.<\/p>\n\n\n\n<figure class=\"wp-block-embed is-type-video is-provider-youtube wp-block-embed-youtube wp-embed-aspect-4-3 wp-has-aspect-ratio\"><div class=\"wp-block-embed__wrapper\">\n<div class=\"jeg_video_container jeg_video_content\"><iframe title=\"DUMKA kyiv\" width=\"500\" height=\"375\" src=\"https:\/\/www.youtube.com\/embed\/JyufGRspn5k?feature=oembed\" frameborder=\"0\" allow=\"accelerometer; autoplay; clipboard-write; encrypted-media; gyroscope; picture-in-picture; web-share\" referrerpolicy=\"strict-origin-when-cross-origin\" allowfullscreen><\/iframe><\/div>\n<\/div><\/figure>\n\n\n\n<p><\/p>\n\n\n\n<p>\u00c0 l\u2019origine, Dumka est un chant nostalgique, n\u00e9 dans l\u2019Ukraine du XVIe si\u00e8cle, et illustr\u00e9 par de nombreux compositeurs, de Nikola\u00ef Lyssenko \u00e0 Anton\u00edn Dvo\u0159ak. Cette premi\u00e8re est une plong\u00e9e dans l\u2019univers du chant choral a capella. La qualit\u00e9 des \u0153uvres propos\u00e9es touchera aussi bien les connaisseurs les plus exigeants que le grand public.<\/p>\n\n\n\n<p>Seront notamment interpr\u00e9t\u00e9es des \u0153uvres de Mykola Lyssenko, Mykola Leontoyitch, Oleksandr Kochyts, Valentin Silvestrov, Hanna Gavrylets, Evgen Stankovytch.<\/p>\n\n\n\n<h1 class=\"wp-block-heading\">Chef de ch\u0153ur l\u00e9gendaire&nbsp;Eug\u00e8ne Savtchuk<\/h1>\n\n\n\n<p>Titulaire du titre d\u2019artiste national d\u2019Ukraine et du prix Taras-Chevtchenko, deux plus hautes distinctions ukrainiennes d\u00e9cern\u00e9es aux personnes du domaine de la culture, Eug\u00e8ne Savtchuk dirige la Capella Dumka depuis 1984.<\/p>\n\n\n\n<figure class=\"wp-block-image size-large is-resized\"><img decoding=\"async\" width=\"847\" height=\"1024\" src=\"https:\/\/accent4.com\/preprod\/wp-content\/uploads\/2023\/11\/53764616_2305347863084167_6763826506192912384_n-e1697407655746-847x1024.jpg\" alt=\"\" class=\"wp-image-7491\" style=\"width:445px;height:auto\" srcset=\"https:\/\/accent4.com\/preprod\/wp-content\/uploads\/2023\/11\/53764616_2305347863084167_6763826506192912384_n-e1697407655746-847x1024.jpg 847w, https:\/\/accent4.com\/preprod\/wp-content\/uploads\/2023\/11\/53764616_2305347863084167_6763826506192912384_n-e1697407655746-248x300.jpg 248w, https:\/\/accent4.com\/preprod\/wp-content\/uploads\/2023\/11\/53764616_2305347863084167_6763826506192912384_n-e1697407655746-768x928.jpg 768w, https:\/\/accent4.com\/preprod\/wp-content\/uploads\/2023\/11\/53764616_2305347863084167_6763826506192912384_n-e1697407655746-1271x1536.jpg 1271w, https:\/\/accent4.com\/preprod\/wp-content\/uploads\/2023\/11\/53764616_2305347863084167_6763826506192912384_n-e1697407655746-750x907.jpg 750w, https:\/\/accent4.com\/preprod\/wp-content\/uploads\/2023\/11\/53764616_2305347863084167_6763826506192912384_n-e1697407655746-1140x1378.jpg 1140w, https:\/\/accent4.com\/preprod\/wp-content\/uploads\/2023\/11\/53764616_2305347863084167_6763826506192912384_n-e1697407655746.jpg 1364w\" sizes=\"(max-width: 847px) 100vw, 847px\" \/><figcaption class=\"wp-element-caption\"><strong>Ch\u0153ur national d&rsquo;Ukraine DUMKA<\/strong><\/figcaption><\/figure>\n\n\n\n<p> <\/p>\n","protected":false},"excerpt":{"rendered":"<p>Concert gratuit !<\/p>\n","protected":false},"author":4665,"featured_media":7497,"comment_status":"open","ping_status":"open","sticky":false,"template":"","format":"standard","meta":{"_monsterinsights_skip_tracking":false,"_monsterinsights_sitenote_active":false,"_monsterinsights_sitenote_note":"","_monsterinsights_sitenote_category":0,"_uf_show_specific_survey":0,"_uf_disable_surveys":false,"episode_type":"audio","audio_file":"","podmotor_file_id":"","podmotor_episode_id":"","cover_image":"","cover_image_id":"","duration":"","filesize":"","filesize_raw":"","date_recorded":"","explicit":"","block":"","itunes_episode_number":"","itunes_title":"","itunes_season_number":"","itunes_episode_type":"","jnews-multi-image_gallery":[],"jnews_single_post":{"subtitle":"","format":"standard","video":"","gallery":"","source_name":"","source_url":"","via_name":"","via_url":"","override_template":"0","override":[{"template":"1","single_blog_custom":"","parallax":"1","fullscreen":"1","layout":"right-sidebar","sidebar":"default-sidebar","second_sidebar":"default-sidebar","sticky_sidebar":"1","share_position":"top","share_float_style":"share-monocrhome","show_share_counter":"0","show_view_counter":"0","show_featured":"1","show_post_meta":"1","show_post_author":"0","show_post_author_image":"1","show_post_date":"1","post_date_format":"default","post_date_format_custom":"Y\/m\/d","show_post_category":"1","show_post_reading_time":"0","post_reading_time_wpm":"300","show_zoom_button":"0","zoom_button_out_step":"2","zoom_button_in_step":"3","show_post_tag":"1","show_prev_next_post":"0","show_popup_post":"0","number_popup_post":"1","show_author_box":"0","show_post_related":"1","show_inline_post_related":"0"}],"override_image_size":"0","image_override":[{"single_post_thumbnail_size":"crop-500","single_post_gallery_size":"crop-500"}],"trending_post":"0","trending_post_position":"meta","trending_post_label":"Trending","sponsored_post":"0","sponsored_post_label":"Sponsored by","sponsored_post_name":"","sponsored_post_url":"","sponsored_post_logo_enable":"0","sponsored_post_logo":"","sponsored_post_desc":"","disable_ad":"0"},"jnews_primary_category":{"id":"","hide":""},"jnews_override_counter":{"override_view_counter":"0","view_counter_number":"0","override_share_counter":"0","share_counter_number":"0","override_like_counter":"0","like_counter_number":"0","override_dislike_counter":"0","dislike_counter_number":"0"},"footnotes":""},"categories":[10],"tags":[],"series":[],"class_list":["post-7489","post","type-post","status-publish","format-standard","has-post-thumbnail","hentry","category-magazine"],"episode_featured_image":"https:\/\/accent4.com\/preprod\/wp-content\/uploads\/2023\/11\/Covert_Dumka-choeur-national-d-Ukraine-1.jpg","episode_player_image":"https:\/\/accent4.com\/preprod\/wp-content\/uploads\/2024\/10\/Design-Accent-4-Basic-scaled.jpg","download_link":"","player_link":"","audio_player":false,"episode_data":{"playerMode":"dark","subscribeUrls":{"amazon":{"key":"amazon","url":"","label":"Amazon","class":"amazon","icon":"amazon.png"},"deezer":{"key":"deezer","url":"","label":"Deezer","class":"deezer","icon":"deezer.png"},"spotify":{"key":"spotify","url":"","label":"Spotify","class":"spotify","icon":"spotify.png"},"youtube":{"key":"youtube","url":"","label":"YouTube","class":"youtube","icon":"youtube.png"}},"rssFeedUrl":"https:\/\/accent4.com\/preprod\/feed\/podcast\/accent-4","embedCode":"<blockquote class=\"wp-embedded-content\" data-secret=\"SaH7moB1rg\"><a href=\"https:\/\/accent4.com\/preprod\/les-plus-belles-melodies-de-lukraine-au-coeur-de-leurope-7489\/\">Les plus belles m\u00e9lodies de l&rsquo;Ukraine au c\u0153ur de l&rsquo;Europe<\/a><\/blockquote><iframe sandbox=\"allow-scripts\" security=\"restricted\" src=\"https:\/\/accent4.com\/preprod\/les-plus-belles-melodies-de-lukraine-au-coeur-de-leurope-7489\/embed\/#?secret=SaH7moB1rg\" width=\"500\" height=\"350\" title=\"\u00ab\u00a0Les plus belles m\u00e9lodies de l&rsquo;Ukraine au c\u0153ur de l&rsquo;Europe\u00a0\u00bb &#8212; [PREPROD] Accent 4\" data-secret=\"SaH7moB1rg\" frameborder=\"0\" marginwidth=\"0\" marginheight=\"0\" scrolling=\"no\" class=\"wp-embedded-content\"><\/iframe><script type=\"text\/javascript\">\n\/* <![CDATA[ *\/\n\/*! This file is auto-generated *\/\n!function(d,l){\"use strict\";l.querySelector&&d.addEventListener&&\"undefined\"!=typeof URL&&(d.wp=d.wp||{},d.wp.receiveEmbedMessage||(d.wp.receiveEmbedMessage=function(e){var t=e.data;if((t||t.secret||t.message||t.value)&&!\/[^a-zA-Z0-9]\/.test(t.secret)){for(var s,r,n,a=l.querySelectorAll('iframe[data-secret=\"'+t.secret+'\"]'),o=l.querySelectorAll('blockquote[data-secret=\"'+t.secret+'\"]'),c=new RegExp(\"^https?:$\",\"i\"),i=0;i<o.length;i++)o[i].style.display=\"none\";for(i=0;i<a.length;i++)s=a[i],e.source===s.contentWindow&&(s.removeAttribute(\"style\"),\"height\"===t.message?(1e3<(r=parseInt(t.value,10))?r=1e3:~~r<200&&(r=200),s.height=r):\"link\"===t.message&&(r=new URL(s.getAttribute(\"src\")),n=new URL(t.value),c.test(n.protocol))&&n.host===r.host&&l.activeElement===s&&(d.top.location.href=t.value))}},d.addEventListener(\"message\",d.wp.receiveEmbedMessage,!1),l.addEventListener(\"DOMContentLoaded\",function(){for(var e,t,s=l.querySelectorAll(\"iframe.wp-embedded-content\"),r=0;r<s.length;r++)(t=(e=s[r]).getAttribute(\"data-secret\"))||(t=Math.random().toString(36).substring(2,12),e.src+=\"#?secret=\"+t,e.setAttribute(\"data-secret\",t)),e.contentWindow.postMessage({message:\"ready\",secret:t},\"*\")},!1)))}(window,document);\n\/\/# sourceURL=https:\/\/accent4.com\/preprod\/wp-includes\/js\/wp-embed.min.js\n\/* ]]> *\/\n<\/script>\n"},"yoast_head":"<!-- This site is optimized with the Yoast SEO plugin v27.4 - https:\/\/yoast.com\/product\/yoast-seo-wordpress\/ -->\n<title>Les plus belles m\u00e9lodies de l&#039;Ukraine au c\u0153ur de l&#039;Europe &#8211; [PREPROD] Accent 4<\/title>\n<meta name=\"description\" content=\"La Capella chorale acad\u00e9mique nationale &quot;Dumka&quot;, consid\u00e9r\u00e9e comme l&#039;une des meilleures du monde, a \u00e9t\u00e9 fond\u00e9e en 1919 et dirig\u00e9e au fil des ann\u00e9es par des chefs d&#039;orchestre exceptionnels tels que Nestor Horodovenko et Oleksandr Soroka. &quot;Dumka&quot; a \u00e9tabli ses propres traditions chorales et son style de performance. Depuis 1984, le Ch\u0153ur est sous la direction du chef d&#039;orchestre et laur\u00e9at du prix Chevchenko, l&#039;acad\u00e9micien Yevhen Savchuk.Les recettes de cette soir\u00e9e, exceptionnellement payante, iront aux choristes de Dumka et \u00e0 des associations caritatives ukrainiennes.\" \/>\n<meta name=\"robots\" content=\"index, follow, max-snippet:-1, max-image-preview:large, max-video-preview:-1\" \/>\n<link rel=\"canonical\" href=\"https:\/\/accent4.com\/preprod\/les-plus-belles-melodies-de-lukraine-au-coeur-de-leurope-7489\/\" \/>\n<meta property=\"og:locale\" content=\"fr_FR\" \/>\n<meta property=\"og:type\" content=\"article\" \/>\n<meta property=\"og:title\" content=\"Les plus belles m\u00e9lodies de l&#039;Ukraine au c\u0153ur de l&#039;Europe &#8211; [PREPROD] Accent 4\" \/>\n<meta property=\"og:description\" content=\"La Capella chorale acad\u00e9mique nationale &quot;Dumka&quot;, consid\u00e9r\u00e9e comme l&#039;une des meilleures du monde, a \u00e9t\u00e9 fond\u00e9e en 1919 et dirig\u00e9e au fil des ann\u00e9es par des chefs d&#039;orchestre exceptionnels tels que Nestor Horodovenko et Oleksandr Soroka. &quot;Dumka&quot; a \u00e9tabli ses propres traditions chorales et son style de performance. Depuis 1984, le Ch\u0153ur est sous la direction du chef d&#039;orchestre et laur\u00e9at du prix Chevchenko, l&#039;acad\u00e9micien Yevhen Savchuk.Les recettes de cette soir\u00e9e, exceptionnellement payante, iront aux choristes de Dumka et \u00e0 des associations caritatives ukrainiennes.\" \/>\n<meta property=\"og:url\" content=\"https:\/\/accent4.com\/preprod\/les-plus-belles-melodies-de-lukraine-au-coeur-de-leurope-7489\/\" \/>\n<meta property=\"og:site_name\" content=\"[PREPROD] Accent 4\" \/>\n<meta property=\"article:publisher\" content=\"https:\/\/www.facebook.com\/Accent4\/\" \/>\n<meta property=\"article:published_time\" content=\"2023-11-19T18:25:15+00:00\" \/>\n<meta property=\"article:modified_time\" content=\"2023-11-24T15:53:01+00:00\" \/>\n<meta property=\"og:image\" content=\"https:\/\/accent4.com\/preprod\/wp-content\/uploads\/2023\/11\/Covert_Dumka-choeur-national-d-Ukraine-1.jpg\" \/>\n\t<meta property=\"og:image:width\" content=\"2048\" \/>\n\t<meta property=\"og:image:height\" content=\"1365\" \/>\n\t<meta property=\"og:image:type\" content=\"image\/jpeg\" \/>\n<meta name=\"author\" content=\"Laurent Genvo\" \/>\n<meta name=\"twitter:card\" content=\"summary_large_image\" \/>\n<meta name=\"twitter:label1\" content=\"\u00c9crit par\" \/>\n\t<meta name=\"twitter:data1\" content=\"Laurent Genvo\" \/>\n\t<meta name=\"twitter:label2\" content=\"Dur\u00e9e de lecture estim\u00e9e\" \/>\n\t<meta name=\"twitter:data2\" content=\"2 minutes\" \/>\n<script type=\"application\/ld+json\" class=\"yoast-schema-graph\">{\"@context\":\"https:\\\/\\\/schema.org\",\"@graph\":[{\"@type\":\"Article\",\"@id\":\"https:\\\/\\\/accent4.com\\\/preprod\\\/les-plus-belles-melodies-de-lukraine-au-coeur-de-leurope-7489\\\/#article\",\"isPartOf\":{\"@id\":\"https:\\\/\\\/accent4.com\\\/preprod\\\/les-plus-belles-melodies-de-lukraine-au-coeur-de-leurope-7489\\\/\"},\"author\":{\"name\":\"Laurent Genvo\",\"@id\":\"https:\\\/\\\/accent4.com\\\/preprod\\\/#\\\/schema\\\/person\\\/37b66734b80c582879a1aa2721708855\"},\"headline\":\"Les plus belles m\u00e9lodies de l&rsquo;Ukraine au c\u0153ur de l&rsquo;Europe\",\"datePublished\":\"2023-11-19T18:25:15+00:00\",\"dateModified\":\"2023-11-24T15:53:01+00:00\",\"mainEntityOfPage\":{\"@id\":\"https:\\\/\\\/accent4.com\\\/preprod\\\/les-plus-belles-melodies-de-lukraine-au-coeur-de-leurope-7489\\\/\"},\"wordCount\":361,\"commentCount\":0,\"publisher\":{\"@id\":\"https:\\\/\\\/accent4.com\\\/preprod\\\/#organization\"},\"image\":{\"@id\":\"https:\\\/\\\/accent4.com\\\/preprod\\\/les-plus-belles-melodies-de-lukraine-au-coeur-de-leurope-7489\\\/#primaryimage\"},\"thumbnailUrl\":\"https:\\\/\\\/accent4.com\\\/preprod\\\/wp-content\\\/uploads\\\/2023\\\/11\\\/Covert_Dumka-choeur-national-d-Ukraine-1.jpg\",\"articleSection\":[\"Magazine\"],\"inLanguage\":\"fr-FR\",\"potentialAction\":[{\"@type\":\"CommentAction\",\"name\":\"Comment\",\"target\":[\"https:\\\/\\\/accent4.com\\\/preprod\\\/les-plus-belles-melodies-de-lukraine-au-coeur-de-leurope-7489\\\/#respond\"]}]},{\"@type\":\"WebPage\",\"@id\":\"https:\\\/\\\/accent4.com\\\/preprod\\\/les-plus-belles-melodies-de-lukraine-au-coeur-de-leurope-7489\\\/\",\"url\":\"https:\\\/\\\/accent4.com\\\/preprod\\\/les-plus-belles-melodies-de-lukraine-au-coeur-de-leurope-7489\\\/\",\"name\":\"Les plus belles m\u00e9lodies de l'Ukraine au c\u0153ur de l'Europe &#8211; [PREPROD] Accent 4\",\"isPartOf\":{\"@id\":\"https:\\\/\\\/accent4.com\\\/preprod\\\/#website\"},\"primaryImageOfPage\":{\"@id\":\"https:\\\/\\\/accent4.com\\\/preprod\\\/les-plus-belles-melodies-de-lukraine-au-coeur-de-leurope-7489\\\/#primaryimage\"},\"image\":{\"@id\":\"https:\\\/\\\/accent4.com\\\/preprod\\\/les-plus-belles-melodies-de-lukraine-au-coeur-de-leurope-7489\\\/#primaryimage\"},\"thumbnailUrl\":\"https:\\\/\\\/accent4.com\\\/preprod\\\/wp-content\\\/uploads\\\/2023\\\/11\\\/Covert_Dumka-choeur-national-d-Ukraine-1.jpg\",\"datePublished\":\"2023-11-19T18:25:15+00:00\",\"dateModified\":\"2023-11-24T15:53:01+00:00\",\"description\":\"La Capella chorale acad\u00e9mique nationale \\\"Dumka\\\", consid\u00e9r\u00e9e comme l'une des meilleures du monde, a \u00e9t\u00e9 fond\u00e9e en 1919 et dirig\u00e9e au fil des ann\u00e9es par des chefs d'orchestre exceptionnels tels que Nestor Horodovenko et Oleksandr Soroka. \\\"Dumka\\\" a \u00e9tabli ses propres traditions chorales et son style de performance. Depuis 1984, le Ch\u0153ur est sous la direction du chef d'orchestre et laur\u00e9at du prix Chevchenko, l'acad\u00e9micien Yevhen Savchuk.Les recettes de cette soir\u00e9e, exceptionnellement payante, iront aux choristes de Dumka et \u00e0 des associations caritatives ukrainiennes.\",\"breadcrumb\":{\"@id\":\"https:\\\/\\\/accent4.com\\\/preprod\\\/les-plus-belles-melodies-de-lukraine-au-coeur-de-leurope-7489\\\/#breadcrumb\"},\"inLanguage\":\"fr-FR\",\"potentialAction\":[{\"@type\":\"ReadAction\",\"target\":[\"https:\\\/\\\/accent4.com\\\/preprod\\\/les-plus-belles-melodies-de-lukraine-au-coeur-de-leurope-7489\\\/\"]}]},{\"@type\":\"ImageObject\",\"inLanguage\":\"fr-FR\",\"@id\":\"https:\\\/\\\/accent4.com\\\/preprod\\\/les-plus-belles-melodies-de-lukraine-au-coeur-de-leurope-7489\\\/#primaryimage\",\"url\":\"https:\\\/\\\/accent4.com\\\/preprod\\\/wp-content\\\/uploads\\\/2023\\\/11\\\/Covert_Dumka-choeur-national-d-Ukraine-1.jpg\",\"contentUrl\":\"https:\\\/\\\/accent4.com\\\/preprod\\\/wp-content\\\/uploads\\\/2023\\\/11\\\/Covert_Dumka-choeur-national-d-Ukraine-1.jpg\",\"width\":2048,\"height\":1365},{\"@type\":\"BreadcrumbList\",\"@id\":\"https:\\\/\\\/accent4.com\\\/preprod\\\/les-plus-belles-melodies-de-lukraine-au-coeur-de-leurope-7489\\\/#breadcrumb\",\"itemListElement\":[{\"@type\":\"ListItem\",\"position\":1,\"name\":\"Home\",\"item\":\"https:\\\/\\\/accent4.com\\\/preprod\\\/\"},{\"@type\":\"ListItem\",\"position\":2,\"name\":\"Les plus belles m\u00e9lodies de l&rsquo;Ukraine au c\u0153ur de l&rsquo;Europe\"}]},{\"@type\":\"WebSite\",\"@id\":\"https:\\\/\\\/accent4.com\\\/preprod\\\/#website\",\"url\":\"https:\\\/\\\/accent4.com\\\/preprod\\\/\",\"name\":\"Accent 4 - L'instant classique - Radio\",\"description\":\"L&#039;instant classique\",\"publisher\":{\"@id\":\"https:\\\/\\\/accent4.com\\\/preprod\\\/#organization\"},\"potentialAction\":[{\"@type\":\"SearchAction\",\"target\":{\"@type\":\"EntryPoint\",\"urlTemplate\":\"https:\\\/\\\/accent4.com\\\/preprod\\\/?s={search_term_string}\"},\"query-input\":{\"@type\":\"PropertyValueSpecification\",\"valueRequired\":true,\"valueName\":\"search_term_string\"}}],\"inLanguage\":\"fr-FR\"},{\"@type\":\"Organization\",\"@id\":\"https:\\\/\\\/accent4.com\\\/preprod\\\/#organization\",\"name\":\"Accent 4\",\"url\":\"https:\\\/\\\/accent4.com\\\/preprod\\\/\",\"logo\":{\"@type\":\"ImageObject\",\"inLanguage\":\"fr-FR\",\"@id\":\"https:\\\/\\\/accent4.com\\\/preprod\\\/#\\\/schema\\\/logo\\\/image\\\/\",\"url\":\"https:\\\/\\\/accent4.com\\\/preprod\\\/wp-content\\\/uploads\\\/2019\\\/07\\\/cropped-logo-white.png\",\"contentUrl\":\"https:\\\/\\\/accent4.com\\\/preprod\\\/wp-content\\\/uploads\\\/2019\\\/07\\\/cropped-logo-white.png\",\"width\":512,\"height\":512,\"caption\":\"Accent 4\"},\"image\":{\"@id\":\"https:\\\/\\\/accent4.com\\\/preprod\\\/#\\\/schema\\\/logo\\\/image\\\/\"},\"sameAs\":[\"https:\\\/\\\/www.facebook.com\\\/Accent4\\\/\",\"https:\\\/\\\/www.instagram.com\\\/radioaccent4\\\/\"]},{\"@type\":\"Person\",\"@id\":\"https:\\\/\\\/accent4.com\\\/preprod\\\/#\\\/schema\\\/person\\\/37b66734b80c582879a1aa2721708855\",\"name\":\"Laurent Genvo\",\"image\":{\"@type\":\"ImageObject\",\"inLanguage\":\"fr-FR\",\"@id\":\"https:\\\/\\\/secure.gravatar.com\\\/avatar\\\/9295273e6496b99648d0ecf39a2c1e01dddc859bee83e02e48b12aa2779f33bd?s=96&d=mm&r=g\",\"url\":\"https:\\\/\\\/secure.gravatar.com\\\/avatar\\\/9295273e6496b99648d0ecf39a2c1e01dddc859bee83e02e48b12aa2779f33bd?s=96&d=mm&r=g\",\"contentUrl\":\"https:\\\/\\\/secure.gravatar.com\\\/avatar\\\/9295273e6496b99648d0ecf39a2c1e01dddc859bee83e02e48b12aa2779f33bd?s=96&d=mm&r=g\",\"caption\":\"Laurent Genvo\"}}]}<\/script>\n<!-- \/ Yoast SEO plugin. -->","yoast_head_json":{"title":"Les plus belles m\u00e9lodies de l'Ukraine au c\u0153ur de l'Europe &#8211; [PREPROD] Accent 4","description":"La Capella chorale acad\u00e9mique nationale \"Dumka\", consid\u00e9r\u00e9e comme l'une des meilleures du monde, a \u00e9t\u00e9 fond\u00e9e en 1919 et dirig\u00e9e au fil des ann\u00e9es par des chefs d'orchestre exceptionnels tels que Nestor Horodovenko et Oleksandr Soroka. \"Dumka\" a \u00e9tabli ses propres traditions chorales et son style de performance. Depuis 1984, le Ch\u0153ur est sous la direction du chef d'orchestre et laur\u00e9at du prix Chevchenko, l'acad\u00e9micien Yevhen Savchuk.Les recettes de cette soir\u00e9e, exceptionnellement payante, iront aux choristes de Dumka et \u00e0 des associations caritatives ukrainiennes.","robots":{"index":"index","follow":"follow","max-snippet":"max-snippet:-1","max-image-preview":"max-image-preview:large","max-video-preview":"max-video-preview:-1"},"canonical":"https:\/\/accent4.com\/preprod\/les-plus-belles-melodies-de-lukraine-au-coeur-de-leurope-7489\/","og_locale":"fr_FR","og_type":"article","og_title":"Les plus belles m\u00e9lodies de l'Ukraine au c\u0153ur de l'Europe &#8211; [PREPROD] Accent 4","og_description":"La Capella chorale acad\u00e9mique nationale \"Dumka\", consid\u00e9r\u00e9e comme l'une des meilleures du monde, a \u00e9t\u00e9 fond\u00e9e en 1919 et dirig\u00e9e au fil des ann\u00e9es par des chefs d'orchestre exceptionnels tels que Nestor Horodovenko et Oleksandr Soroka. \"Dumka\" a \u00e9tabli ses propres traditions chorales et son style de performance. Depuis 1984, le Ch\u0153ur est sous la direction du chef d'orchestre et laur\u00e9at du prix Chevchenko, l'acad\u00e9micien Yevhen Savchuk.Les recettes de cette soir\u00e9e, exceptionnellement payante, iront aux choristes de Dumka et \u00e0 des associations caritatives ukrainiennes.","og_url":"https:\/\/accent4.com\/preprod\/les-plus-belles-melodies-de-lukraine-au-coeur-de-leurope-7489\/","og_site_name":"[PREPROD] Accent 4","article_publisher":"https:\/\/www.facebook.com\/Accent4\/","article_published_time":"2023-11-19T18:25:15+00:00","article_modified_time":"2023-11-24T15:53:01+00:00","og_image":[{"width":2048,"height":1365,"url":"https:\/\/accent4.com\/preprod\/wp-content\/uploads\/2023\/11\/Covert_Dumka-choeur-national-d-Ukraine-1.jpg","type":"image\/jpeg"}],"author":"Laurent Genvo","twitter_card":"summary_large_image","twitter_misc":{"\u00c9crit par":"Laurent Genvo","Dur\u00e9e de lecture estim\u00e9e":"2 minutes"},"schema":{"@context":"https:\/\/schema.org","@graph":[{"@type":"Article","@id":"https:\/\/accent4.com\/preprod\/les-plus-belles-melodies-de-lukraine-au-coeur-de-leurope-7489\/#article","isPartOf":{"@id":"https:\/\/accent4.com\/preprod\/les-plus-belles-melodies-de-lukraine-au-coeur-de-leurope-7489\/"},"author":{"name":"Laurent Genvo","@id":"https:\/\/accent4.com\/preprod\/#\/schema\/person\/37b66734b80c582879a1aa2721708855"},"headline":"Les plus belles m\u00e9lodies de l&rsquo;Ukraine au c\u0153ur de l&rsquo;Europe","datePublished":"2023-11-19T18:25:15+00:00","dateModified":"2023-11-24T15:53:01+00:00","mainEntityOfPage":{"@id":"https:\/\/accent4.com\/preprod\/les-plus-belles-melodies-de-lukraine-au-coeur-de-leurope-7489\/"},"wordCount":361,"commentCount":0,"publisher":{"@id":"https:\/\/accent4.com\/preprod\/#organization"},"image":{"@id":"https:\/\/accent4.com\/preprod\/les-plus-belles-melodies-de-lukraine-au-coeur-de-leurope-7489\/#primaryimage"},"thumbnailUrl":"https:\/\/accent4.com\/preprod\/wp-content\/uploads\/2023\/11\/Covert_Dumka-choeur-national-d-Ukraine-1.jpg","articleSection":["Magazine"],"inLanguage":"fr-FR","potentialAction":[{"@type":"CommentAction","name":"Comment","target":["https:\/\/accent4.com\/preprod\/les-plus-belles-melodies-de-lukraine-au-coeur-de-leurope-7489\/#respond"]}]},{"@type":"WebPage","@id":"https:\/\/accent4.com\/preprod\/les-plus-belles-melodies-de-lukraine-au-coeur-de-leurope-7489\/","url":"https:\/\/accent4.com\/preprod\/les-plus-belles-melodies-de-lukraine-au-coeur-de-leurope-7489\/","name":"Les plus belles m\u00e9lodies de l'Ukraine au c\u0153ur de l'Europe &#8211; [PREPROD] Accent 4","isPartOf":{"@id":"https:\/\/accent4.com\/preprod\/#website"},"primaryImageOfPage":{"@id":"https:\/\/accent4.com\/preprod\/les-plus-belles-melodies-de-lukraine-au-coeur-de-leurope-7489\/#primaryimage"},"image":{"@id":"https:\/\/accent4.com\/preprod\/les-plus-belles-melodies-de-lukraine-au-coeur-de-leurope-7489\/#primaryimage"},"thumbnailUrl":"https:\/\/accent4.com\/preprod\/wp-content\/uploads\/2023\/11\/Covert_Dumka-choeur-national-d-Ukraine-1.jpg","datePublished":"2023-11-19T18:25:15+00:00","dateModified":"2023-11-24T15:53:01+00:00","description":"La Capella chorale acad\u00e9mique nationale \"Dumka\", consid\u00e9r\u00e9e comme l'une des meilleures du monde, a \u00e9t\u00e9 fond\u00e9e en 1919 et dirig\u00e9e au fil des ann\u00e9es par des chefs d'orchestre exceptionnels tels que Nestor Horodovenko et Oleksandr Soroka. \"Dumka\" a \u00e9tabli ses propres traditions chorales et son style de performance. Depuis 1984, le Ch\u0153ur est sous la direction du chef d'orchestre et laur\u00e9at du prix Chevchenko, l'acad\u00e9micien Yevhen Savchuk.Les recettes de cette soir\u00e9e, exceptionnellement payante, iront aux choristes de Dumka et \u00e0 des associations caritatives ukrainiennes.","breadcrumb":{"@id":"https:\/\/accent4.com\/preprod\/les-plus-belles-melodies-de-lukraine-au-coeur-de-leurope-7489\/#breadcrumb"},"inLanguage":"fr-FR","potentialAction":[{"@type":"ReadAction","target":["https:\/\/accent4.com\/preprod\/les-plus-belles-melodies-de-lukraine-au-coeur-de-leurope-7489\/"]}]},{"@type":"ImageObject","inLanguage":"fr-FR","@id":"https:\/\/accent4.com\/preprod\/les-plus-belles-melodies-de-lukraine-au-coeur-de-leurope-7489\/#primaryimage","url":"https:\/\/accent4.com\/preprod\/wp-content\/uploads\/2023\/11\/Covert_Dumka-choeur-national-d-Ukraine-1.jpg","contentUrl":"https:\/\/accent4.com\/preprod\/wp-content\/uploads\/2023\/11\/Covert_Dumka-choeur-national-d-Ukraine-1.jpg","width":2048,"height":1365},{"@type":"BreadcrumbList","@id":"https:\/\/accent4.com\/preprod\/les-plus-belles-melodies-de-lukraine-au-coeur-de-leurope-7489\/#breadcrumb","itemListElement":[{"@type":"ListItem","position":1,"name":"Home","item":"https:\/\/accent4.com\/preprod\/"},{"@type":"ListItem","position":2,"name":"Les plus belles m\u00e9lodies de l&rsquo;Ukraine au c\u0153ur de l&rsquo;Europe"}]},{"@type":"WebSite","@id":"https:\/\/accent4.com\/preprod\/#website","url":"https:\/\/accent4.com\/preprod\/","name":"Accent 4 - L'instant classique - Radio","description":"L&#039;instant classique","publisher":{"@id":"https:\/\/accent4.com\/preprod\/#organization"},"potentialAction":[{"@type":"SearchAction","target":{"@type":"EntryPoint","urlTemplate":"https:\/\/accent4.com\/preprod\/?s={search_term_string}"},"query-input":{"@type":"PropertyValueSpecification","valueRequired":true,"valueName":"search_term_string"}}],"inLanguage":"fr-FR"},{"@type":"Organization","@id":"https:\/\/accent4.com\/preprod\/#organization","name":"Accent 4","url":"https:\/\/accent4.com\/preprod\/","logo":{"@type":"ImageObject","inLanguage":"fr-FR","@id":"https:\/\/accent4.com\/preprod\/#\/schema\/logo\/image\/","url":"https:\/\/accent4.com\/preprod\/wp-content\/uploads\/2019\/07\/cropped-logo-white.png","contentUrl":"https:\/\/accent4.com\/preprod\/wp-content\/uploads\/2019\/07\/cropped-logo-white.png","width":512,"height":512,"caption":"Accent 4"},"image":{"@id":"https:\/\/accent4.com\/preprod\/#\/schema\/logo\/image\/"},"sameAs":["https:\/\/www.facebook.com\/Accent4\/","https:\/\/www.instagram.com\/radioaccent4\/"]},{"@type":"Person","@id":"https:\/\/accent4.com\/preprod\/#\/schema\/person\/37b66734b80c582879a1aa2721708855","name":"Laurent Genvo","image":{"@type":"ImageObject","inLanguage":"fr-FR","@id":"https:\/\/secure.gravatar.com\/avatar\/9295273e6496b99648d0ecf39a2c1e01dddc859bee83e02e48b12aa2779f33bd?s=96&d=mm&r=g","url":"https:\/\/secure.gravatar.com\/avatar\/9295273e6496b99648d0ecf39a2c1e01dddc859bee83e02e48b12aa2779f33bd?s=96&d=mm&r=g","contentUrl":"https:\/\/secure.gravatar.com\/avatar\/9295273e6496b99648d0ecf39a2c1e01dddc859bee83e02e48b12aa2779f33bd?s=96&d=mm&r=g","caption":"Laurent Genvo"}}]}},"amp_enabled":true,"_links":{"self":[{"href":"https:\/\/accent4.com\/preprod\/wp-json\/wp\/v2\/posts\/7489","targetHints":{"allow":["GET"]}}],"collection":[{"href":"https:\/\/accent4.com\/preprod\/wp-json\/wp\/v2\/posts"}],"about":[{"href":"https:\/\/accent4.com\/preprod\/wp-json\/wp\/v2\/types\/post"}],"author":[{"embeddable":true,"href":"https:\/\/accent4.com\/preprod\/wp-json\/wp\/v2\/users\/4665"}],"replies":[{"embeddable":true,"href":"https:\/\/accent4.com\/preprod\/wp-json\/wp\/v2\/comments?post=7489"}],"version-history":[{"count":0,"href":"https:\/\/accent4.com\/preprod\/wp-json\/wp\/v2\/posts\/7489\/revisions"}],"wp:featuredmedia":[{"embeddable":true,"href":"https:\/\/accent4.com\/preprod\/wp-json\/wp\/v2\/media\/7497"}],"wp:attachment":[{"href":"https:\/\/accent4.com\/preprod\/wp-json\/wp\/v2\/media?parent=7489"}],"wp:term":[{"taxonomy":"category","embeddable":true,"href":"https:\/\/accent4.com\/preprod\/wp-json\/wp\/v2\/categories?post=7489"},{"taxonomy":"post_tag","embeddable":true,"href":"https:\/\/accent4.com\/preprod\/wp-json\/wp\/v2\/tags?post=7489"},{"taxonomy":"series","embeddable":true,"href":"https:\/\/accent4.com\/preprod\/wp-json\/wp\/v2\/series?post=7489"}],"curies":[{"name":"wp","href":"https:\/\/api.w.org\/{rel}","templated":true}]}}