{"id":7685,"date":"2023-12-23T10:19:59","date_gmt":"2023-12-23T09:19:59","guid":{"rendered":"https:\/\/accent4.com\/preprod\/?p=7685"},"modified":"2023-12-23T10:20:00","modified_gmt":"2023-12-23T09:20:00","slug":"a-la-decouverte-du-site-verrier-de-meisenthal-un-voyage-fascinant-dans-lhistoire-du-verre","status":"publish","type":"post","link":"https:\/\/accent4.com\/preprod\/a-la-decouverte-du-site-verrier-de-meisenthal-un-voyage-fascinant-dans-lhistoire-du-verre-7685\/","title":{"rendered":"\u00c0 la D\u00e9couverte du Site Verrier de Meisenthal : Un Voyage Fascinant dans l&rsquo;Histoire du Verre"},"content":{"rendered":"\n<p><em>Meisenthal, un petit village nich\u00e9 au c\u0153ur des Vosges du Nord en France, abrite un tr\u00e9sor cach\u00e9 qui captive l&rsquo;imagination des visiteurs depuis des si\u00e8cles : le site verrier de Meisenthal. C&rsquo;est un lieu empreint d&rsquo;histoire, o\u00f9 l&rsquo;art du verre est c\u00e9l\u00e9br\u00e9 et pr\u00e9serv\u00e9 avec passion.<\/em><\/p>\n\n\n\n<figure class=\"wp-block-image size-full is-resized\"><img fetchpriority=\"high\" decoding=\"async\" width=\"533\" height=\"799\" src=\"https:\/\/accent4.com\/preprod\/wp-content\/uploads\/2023\/12\/site-verrier-de-meisenthal-1.jpg\" alt=\"\" class=\"wp-image-7691\" style=\"width:312px;height:auto\" srcset=\"https:\/\/accent4.com\/preprod\/wp-content\/uploads\/2023\/12\/site-verrier-de-meisenthal-1.jpg 533w, https:\/\/accent4.com\/preprod\/wp-content\/uploads\/2023\/12\/site-verrier-de-meisenthal-1-200x300.jpg 200w\" sizes=\"(max-width: 533px) 100vw, 533px\" \/><figcaption class=\"wp-element-caption\">(C) Site verrier de Meisenthal <\/figcaption><\/figure>\n\n\n\n<p><\/p>\n\n\n\n<p><strong>Une Histoire Richement Tiss\u00e9e<\/strong><\/p>\n\n\n\n<p>L&rsquo;histoire du site verrier de Meisenthal remonte au 18e si\u00e8cle. Fond\u00e9 en 1704, il a connu des p\u00e9riodes de prosp\u00e9rit\u00e9 et de d\u00e9clin au fil des si\u00e8cles. Cependant, la passion des artisans verriers pour leur m\u00e9tier a permis \u00e0 cet h\u00e9ritage unique de perdurer. Les techniques ancestrales de soufflage du verre ont \u00e9t\u00e9 transmises de g\u00e9n\u00e9ration en g\u00e9n\u00e9ration, faisant de Meisenthal un phare du patrimoine verrier.<\/p>\n\n\n\n<p><strong>L&rsquo;Art du Soufflage du Verre en Action<\/strong><\/p>\n\n\n\n<p>La visite du site verrier offre une plong\u00e9e fascinante dans le processus de cr\u00e9ation du verre. Les visiteurs peuvent assister \u00e0 des d\u00e9monstrations de soufflage du verre par des artisans experts, qui manient le m\u00e9tal en fusion avec une dext\u00e9rit\u00e9 impressionnante. C&rsquo;est un spectacle \u00e0 la fois hypnotique et \u00e9ducatif, permettant aux visiteurs de saisir la complexit\u00e9 et la beaut\u00e9 de cet art mill\u00e9naire.<\/p>\n\n\n\n<p><strong>Un Mus\u00e9e pour l&rsquo;\u00c9ducation et la M\u00e9moire<\/strong><\/p>\n\n\n\n<p>Le site verrier abrite \u00e9galement un mus\u00e9e d\u00e9di\u00e9 \u00e0 l&rsquo;histoire du verre \u00e0 Meisenthal. Des expositions captivantes d\u00e9voilent l&rsquo;\u00e9volution des techniques de fabrication du verre au fil des si\u00e8cles, illustrant l&rsquo;impact de l&rsquo;industrie verri\u00e8re sur la vie locale. Les visiteurs peuvent admirer des pi\u00e8ces rares et pr\u00e9cieuses, t\u00e9moins d&rsquo;un savoir-faire pr\u00e9serv\u00e9 avec amour.<\/p>\n\n\n\n<figure class=\"wp-block-embed is-type-video is-provider-youtube wp-block-embed-youtube wp-embed-aspect-16-9 wp-has-aspect-ratio\"><div class=\"wp-block-embed__wrapper\">\n<div class=\"jeg_video_container jeg_video_content\"><iframe title=\"Le site verrier de Meisenthal, de la m\u00e9moire industrielle \u00e0 l&#039;avenir culturel\" width=\"500\" height=\"281\" src=\"https:\/\/www.youtube.com\/embed\/QjG9Vj94D8M?feature=oembed\" frameborder=\"0\" allow=\"accelerometer; autoplay; clipboard-write; encrypted-media; gyroscope; picture-in-picture; web-share\" referrerpolicy=\"strict-origin-when-cross-origin\" allowfullscreen><\/iframe><\/div>\n<\/div><\/figure>\n\n\n\n<p><strong>Les Cr\u00e9ations Contemporaines : Un Pont entre Tradition et Innovation<\/strong><\/p>\n\n\n\n<p>Meisenthal ne se contente pas de vivre dans le pass\u00e9 ; il regarde aussi vers l&rsquo;avenir. Le site verrier est un lieu de cr\u00e9ation contemporaine o\u00f9 des artistes travaillent avec des artisans pour repousser les limites de l&rsquo;art du verre. Des expositions temporaires mettent en lumi\u00e8re des \u0153uvres avant-gardistes, cr\u00e9ant un dialogue entre tradition et modernit\u00e9.<\/p>\n\n\n\n<p><strong>Des Ateliers pour les Curieux<\/strong><\/p>\n\n\n\n<p>Pour ceux qui veulent s&rsquo;essayer au soufflage du verre, le site verrier propose des ateliers interactifs. Encadr\u00e9s par des ma\u00eetres verriers, les participants peuvent cr\u00e9er leur propre pi\u00e8ce unique, emportant avec eux le fruit de leur travail artisanal. C&rsquo;est une exp\u00e9rience immersive qui laisse des souvenirs durables.<\/p>\n\n\n\n<p><strong>L&rsquo;\u00c9conomie Locale en Verre<\/strong><\/p>\n\n\n\n<p>Outre son importance culturelle, le site verrier joue un r\u00f4le crucial dans l&rsquo;\u00e9conomie locale. Il contribue \u00e0 la cr\u00e9ation d&#8217;emplois et \u00e0 la vitalit\u00e9 de la communaut\u00e9 en attirant des visiteurs du monde entier. Les produits artisanaux de Meisenthal, tels que des verreries artistiques et des objets d\u00e9coratifs uniques, sont pris\u00e9s pour leur qualit\u00e9 exceptionnelle.<\/p>\n\n\n\n<p><strong>Un Tr\u00e9sor Culturel \u00e0 Pr\u00e9server<\/strong><\/p>\n\n\n\n<p>La visite du site verrier de Meisenthal offre bien plus qu&rsquo;un simple regard sur la fabrication du verre. C&rsquo;est un voyage \u00e0 travers le temps, un h\u00e9ritage vivant que la communaut\u00e9 s&rsquo;efforce de pr\u00e9server avec d\u00e9vouement. En tant que t\u00e9moin d&rsquo;une tradition s\u00e9culaire, le site verrier de Meisenthal continue d&rsquo;inspirer, \u00e9duquer et \u00e9merveiller les g\u00e9n\u00e9rations actuelles et futures. Un tr\u00e9sor culturel \u00e0 pr\u00e9server, il incarne la magie intemporelle du verre et la passion infinie de ceux qui le fa\u00e7onnent.<\/p>\n\n\n\n<p><em>Plongez-vous dans l&rsquo;univers fascinant du verre \u00e0 Meisenthal, o\u00f9 la tradition et l&rsquo;innovation se rencontrent pour cr\u00e9er un h\u00e9ritage exceptionnel.<\/em><\/p>\n\n\n\n<p><strong>Gagnez votre pass mus\u00e9e FAMILLE<\/strong> pour d\u00e9couvrir gratuitement 340 mus\u00e9es. Inscrivez-vous et tentez votre chance !<\/p>\n\n\n\n<div class=\"wpcf7 no-js\" id=\"wpcf7-f6788-o1\" lang=\"fr-FR\" dir=\"ltr\" data-wpcf7-id=\"6788\">\n<div class=\"screen-reader-response\"><p role=\"status\" aria-live=\"polite\" aria-atomic=\"true\"><\/p> <ul><\/ul><\/div>\n<form action=\"\/preprod\/wp-json\/wp\/v2\/posts\/7685#wpcf7-f6788-o1\" method=\"post\" class=\"wpcf7-form init\" aria-label=\"Formulaire de contact\" novalidate=\"novalidate\" data-status=\"init\">\n<fieldset class=\"hidden-fields-container\"><input type=\"hidden\" name=\"_wpcf7\" value=\"6788\" \/><input type=\"hidden\" name=\"_wpcf7_version\" value=\"6.1.5\" \/><input type=\"hidden\" name=\"_wpcf7_locale\" value=\"fr_FR\" \/><input type=\"hidden\" name=\"_wpcf7_unit_tag\" value=\"wpcf7-f6788-o1\" \/><input type=\"hidden\" name=\"_wpcf7_container_post\" value=\"0\" \/><input type=\"hidden\" name=\"_wpcf7_posted_data_hash\" value=\"\" \/><input type=\"hidden\" name=\"_wpcf7dtx_version\" value=\"5.0.5\" \/><input type=\"hidden\" name=\"_wpcf7_recaptcha_response\" value=\"\" \/>\n<\/fieldset>\n<p><label> Votre pr\u00e9nom<br \/>\n<span class=\"wpcf7-form-control-wrap\" data-name=\"prenom\"><input size=\"40\" maxlength=\"400\" class=\"wpcf7-form-control wpcf7-text wpcf7-validates-as-required\" aria-required=\"true\" aria-invalid=\"false\" value=\"\" type=\"text\" name=\"prenom\" \/><\/span> <\/label>\n<\/p>\n<p><label> Votre nom<br \/>\n<span class=\"wpcf7-form-control-wrap\" data-name=\"nom\"><input size=\"40\" maxlength=\"400\" class=\"wpcf7-form-control wpcf7-text wpcf7-validates-as-required\" aria-required=\"true\" aria-invalid=\"false\" value=\"\" type=\"text\" name=\"nom\" \/><\/span> <\/label>\n<\/p>\n<p><label> Votre e-mail<br \/>\n<span class=\"wpcf7-form-control-wrap\" data-name=\"email\"><input size=\"40\" maxlength=\"400\" class=\"wpcf7-form-control wpcf7-email wpcf7-validates-as-required wpcf7-text wpcf7-validates-as-email\" aria-required=\"true\" aria-invalid=\"false\" value=\"\" type=\"email\" name=\"email\" \/><\/span> <\/label>\n<\/p>\n<p><label> Votre num\u00e9ro de t\u00e9l\u00e9phone<br \/>\n<span class=\"wpcf7-form-control-wrap\" data-name=\"phone\"><input size=\"40\" maxlength=\"400\" class=\"wpcf7-form-control wpcf7-tel wpcf7-validates-as-required wpcf7-text wpcf7-validates-as-tel\" aria-required=\"true\" aria-invalid=\"false\" value=\"\" type=\"tel\" name=\"phone\" \/><\/span> <\/label>\n<\/p>\n<span class=\"wpcf7-form-control-wrap page-title\" data-name=\"page-title\"><input type=\"hidden\" name=\"page-title\" class=\"wpcf7-form-control wpcf7-hidden wpcf7dtx wpcf7dtx-hidden\" aria-invalid=\"false\" value=\"\u00c0 la D\u00e9couverte du Site Verrier de Meisenthal : Un Voyage Fascinant dans l&#039;Histoire du Verre\"><\/span>\n<p><input class=\"wpcf7-form-control wpcf7-submit has-spinner\" type=\"submit\" value=\"Envoyer\" \/>\n<\/p><p style=\"display: none !important;\" class=\"akismet-fields-container\" data-prefix=\"_wpcf7_ak_\"><label>&#916;<textarea name=\"_wpcf7_ak_hp_textarea\" cols=\"45\" rows=\"8\" maxlength=\"100\"><\/textarea><\/label><input type=\"hidden\" id=\"ak_js_1\" name=\"_wpcf7_ak_js\" value=\"168\"\/><script type=\"text\/javascript\">\n\/* <![CDATA[ *\/\ndocument.getElementById( \"ak_js_1\" ).setAttribute( \"value\", ( new Date() ).getTime() );\n\/* ]]> *\/\n<\/script>\n<\/p><div class=\"wpcf7-response-output\" aria-hidden=\"true\"><\/div>\n<\/form>\n<\/div>\n\n","protected":false},"excerpt":{"rendered":"<p>Les techniques ancestrales de soufflage du verre ont \u00e9t\u00e9 transmises de g\u00e9n\u00e9ration en g\u00e9n\u00e9ration. <\/p>\n","protected":false},"author":4665,"featured_media":7688,"comment_status":"open","ping_status":"open","sticky":false,"template":"","format":"standard","meta":{"_monsterinsights_skip_tracking":false,"_monsterinsights_sitenote_active":false,"_monsterinsights_sitenote_note":"","_monsterinsights_sitenote_category":0,"_uf_show_specific_survey":0,"_uf_disable_surveys":false,"episode_type":"audio","audio_file":"","podmotor_file_id":"","podmotor_episode_id":"","cover_image":"","cover_image_id":"","duration":"","filesize":"","filesize_raw":"","date_recorded":"","explicit":"","block":"","itunes_episode_number":"","itunes_title":"","itunes_season_number":"","itunes_episode_type":"","jnews-multi-image_gallery":[],"jnews_single_post":{"subtitle":"","format":"standard","video":"","gallery":"","source_name":"","source_url":"","via_name":"","via_url":"","override_template":"0","override":[{"template":"1","single_blog_custom":"","parallax":"1","fullscreen":"1","layout":"right-sidebar","sidebar":"default-sidebar","second_sidebar":"default-sidebar","sticky_sidebar":"1","share_position":"top","share_float_style":"share-monocrhome","show_share_counter":"0","show_view_counter":"0","show_featured":"1","show_post_meta":"1","show_post_author":"0","show_post_author_image":"1","show_post_date":"1","post_date_format":"default","post_date_format_custom":"Y\/m\/d","show_post_category":"1","show_post_reading_time":"0","post_reading_time_wpm":"300","show_zoom_button":"0","zoom_button_out_step":"2","zoom_button_in_step":"3","show_post_tag":"1","show_prev_next_post":"0","show_popup_post":"0","number_popup_post":"1","show_author_box":"0","show_post_related":"1","show_inline_post_related":"0"}],"override_image_size":"0","image_override":[{"single_post_thumbnail_size":"crop-500","single_post_gallery_size":"crop-500"}],"trending_post":"0","trending_post_position":"meta","trending_post_label":"Trending","sponsored_post":"0","sponsored_post_label":"Sponsored by","sponsored_post_name":"","sponsored_post_url":"","sponsored_post_logo_enable":"0","sponsored_post_logo":"","sponsored_post_desc":"","disable_ad":"0"},"jnews_primary_category":{"id":"","hide":""},"jnews_override_counter":{"override_view_counter":"0","view_counter_number":"0","override_share_counter":"0","share_counter_number":"0","override_like_counter":"0","like_counter_number":"0","override_dislike_counter":"0","dislike_counter_number":"0"},"footnotes":""},"categories":[10],"tags":[],"series":[],"class_list":["post-7685","post","type-post","status-publish","format-standard","has-post-thumbnail","hentry","category-magazine"],"episode_featured_image":"https:\/\/accent4.com\/preprod\/wp-content\/uploads\/2023\/12\/Boule.jpg","episode_player_image":"https:\/\/accent4.com\/preprod\/wp-content\/uploads\/2024\/10\/Design-Accent-4-Basic-scaled.jpg","download_link":"","player_link":"","audio_player":false,"episode_data":{"playerMode":"dark","subscribeUrls":{"amazon":{"key":"amazon","url":"","label":"Amazon","class":"amazon","icon":"amazon.png"},"deezer":{"key":"deezer","url":"","label":"Deezer","class":"deezer","icon":"deezer.png"},"spotify":{"key":"spotify","url":"","label":"Spotify","class":"spotify","icon":"spotify.png"},"youtube":{"key":"youtube","url":"","label":"YouTube","class":"youtube","icon":"youtube.png"}},"rssFeedUrl":"https:\/\/accent4.com\/preprod\/feed\/podcast\/accent-4","embedCode":"<blockquote class=\"wp-embedded-content\" data-secret=\"0ZSWRTEhvH\"><a href=\"https:\/\/accent4.com\/preprod\/a-la-decouverte-du-site-verrier-de-meisenthal-un-voyage-fascinant-dans-lhistoire-du-verre-7685\/\">\u00c0 la D\u00e9couverte du Site Verrier de Meisenthal : Un Voyage Fascinant dans l&rsquo;Histoire du Verre<\/a><\/blockquote><iframe sandbox=\"allow-scripts\" security=\"restricted\" src=\"https:\/\/accent4.com\/preprod\/a-la-decouverte-du-site-verrier-de-meisenthal-un-voyage-fascinant-dans-lhistoire-du-verre-7685\/embed\/#?secret=0ZSWRTEhvH\" width=\"500\" height=\"350\" title=\"\u00ab\u00a0\u00c0 la D\u00e9couverte du Site Verrier de Meisenthal : Un Voyage Fascinant dans l&rsquo;Histoire du Verre\u00a0\u00bb &#8212; [PREPROD] Accent 4\" data-secret=\"0ZSWRTEhvH\" frameborder=\"0\" marginwidth=\"0\" marginheight=\"0\" scrolling=\"no\" class=\"wp-embedded-content\"><\/iframe><script type=\"text\/javascript\">\n\/* <![CDATA[ *\/\n\/*! This file is auto-generated *\/\n!function(d,l){\"use strict\";l.querySelector&&d.addEventListener&&\"undefined\"!=typeof URL&&(d.wp=d.wp||{},d.wp.receiveEmbedMessage||(d.wp.receiveEmbedMessage=function(e){var t=e.data;if((t||t.secret||t.message||t.value)&&!\/[^a-zA-Z0-9]\/.test(t.secret)){for(var s,r,n,a=l.querySelectorAll('iframe[data-secret=\"'+t.secret+'\"]'),o=l.querySelectorAll('blockquote[data-secret=\"'+t.secret+'\"]'),c=new RegExp(\"^https?:$\",\"i\"),i=0;i<o.length;i++)o[i].style.display=\"none\";for(i=0;i<a.length;i++)s=a[i],e.source===s.contentWindow&&(s.removeAttribute(\"style\"),\"height\"===t.message?(1e3<(r=parseInt(t.value,10))?r=1e3:~~r<200&&(r=200),s.height=r):\"link\"===t.message&&(r=new URL(s.getAttribute(\"src\")),n=new URL(t.value),c.test(n.protocol))&&n.host===r.host&&l.activeElement===s&&(d.top.location.href=t.value))}},d.addEventListener(\"message\",d.wp.receiveEmbedMessage,!1),l.addEventListener(\"DOMContentLoaded\",function(){for(var e,t,s=l.querySelectorAll(\"iframe.wp-embedded-content\"),r=0;r<s.length;r++)(t=(e=s[r]).getAttribute(\"data-secret\"))||(t=Math.random().toString(36).substring(2,12),e.src+=\"#?secret=\"+t,e.setAttribute(\"data-secret\",t)),e.contentWindow.postMessage({message:\"ready\",secret:t},\"*\")},!1)))}(window,document);\n\/\/# sourceURL=https:\/\/accent4.com\/preprod\/wp-includes\/js\/wp-embed.min.js\n\/* ]]> *\/\n<\/script>\n"},"yoast_head":"<!-- This site is optimized with the Yoast SEO plugin v27.4 - https:\/\/yoast.com\/product\/yoast-seo-wordpress\/ -->\n<title>\u00c0 la D\u00e9couverte du Site Verrier de Meisenthal : Un Voyage Fascinant dans l&#039;Histoire du Verre &#8211; [PREPROD] Accent 4<\/title>\n<meta name=\"description\" content=\"L&#039;histoire du site verrier de Meisenthal remonte au 18e si\u00e8cle. Fond\u00e9 en 1704, il a connu des p\u00e9riodes de prosp\u00e9rit\u00e9 et de d\u00e9clin au fil des si\u00e8cles. Cependant, la passion des artisans verriers pour leur m\u00e9tier a permis \u00e0 cet h\u00e9ritage unique de perdurer. Les techniques ancestrales de soufflage du verre ont \u00e9t\u00e9 transmises de g\u00e9n\u00e9ration en g\u00e9n\u00e9ration, faisant de Meisenthal un phare du patrimoine verrier.\" \/>\n<meta name=\"robots\" content=\"index, follow, max-snippet:-1, max-image-preview:large, max-video-preview:-1\" \/>\n<link rel=\"canonical\" href=\"https:\/\/accent4.com\/preprod\/a-la-decouverte-du-site-verrier-de-meisenthal-un-voyage-fascinant-dans-lhistoire-du-verre-7685\/\" \/>\n<meta property=\"og:locale\" content=\"fr_FR\" \/>\n<meta property=\"og:type\" content=\"article\" \/>\n<meta property=\"og:title\" content=\"\u00c0 la D\u00e9couverte du Site Verrier de Meisenthal : Un Voyage Fascinant dans l&#039;Histoire du Verre &#8211; [PREPROD] Accent 4\" \/>\n<meta property=\"og:description\" content=\"L&#039;histoire du site verrier de Meisenthal remonte au 18e si\u00e8cle. Fond\u00e9 en 1704, il a connu des p\u00e9riodes de prosp\u00e9rit\u00e9 et de d\u00e9clin au fil des si\u00e8cles. Cependant, la passion des artisans verriers pour leur m\u00e9tier a permis \u00e0 cet h\u00e9ritage unique de perdurer. Les techniques ancestrales de soufflage du verre ont \u00e9t\u00e9 transmises de g\u00e9n\u00e9ration en g\u00e9n\u00e9ration, faisant de Meisenthal un phare du patrimoine verrier.\" \/>\n<meta property=\"og:url\" content=\"https:\/\/accent4.com\/preprod\/a-la-decouverte-du-site-verrier-de-meisenthal-un-voyage-fascinant-dans-lhistoire-du-verre-7685\/\" \/>\n<meta property=\"og:site_name\" content=\"[PREPROD] Accent 4\" \/>\n<meta property=\"article:publisher\" content=\"https:\/\/www.facebook.com\/Accent4\/\" \/>\n<meta property=\"article:published_time\" content=\"2023-12-23T09:19:59+00:00\" \/>\n<meta property=\"article:modified_time\" content=\"2023-12-23T09:20:00+00:00\" \/>\n<meta property=\"og:image\" content=\"https:\/\/accent4.com\/preprod\/wp-content\/uploads\/2023\/12\/Boule.jpg\" \/>\n\t<meta property=\"og:image:width\" content=\"261\" \/>\n\t<meta property=\"og:image:height\" content=\"193\" \/>\n\t<meta property=\"og:image:type\" content=\"image\/jpeg\" \/>\n<meta name=\"author\" content=\"Laurent Genvo\" \/>\n<meta name=\"twitter:card\" content=\"summary_large_image\" \/>\n<meta name=\"twitter:label1\" content=\"\u00c9crit par\" \/>\n\t<meta name=\"twitter:data1\" content=\"Laurent Genvo\" \/>\n\t<meta name=\"twitter:label2\" content=\"Dur\u00e9e de lecture estim\u00e9e\" \/>\n\t<meta name=\"twitter:data2\" content=\"3 minutes\" \/>\n<script type=\"application\/ld+json\" class=\"yoast-schema-graph\">{\"@context\":\"https:\\\/\\\/schema.org\",\"@graph\":[{\"@type\":\"Article\",\"@id\":\"https:\\\/\\\/accent4.com\\\/preprod\\\/a-la-decouverte-du-site-verrier-de-meisenthal-un-voyage-fascinant-dans-lhistoire-du-verre-7685\\\/#article\",\"isPartOf\":{\"@id\":\"https:\\\/\\\/accent4.com\\\/preprod\\\/a-la-decouverte-du-site-verrier-de-meisenthal-un-voyage-fascinant-dans-lhistoire-du-verre-7685\\\/\"},\"author\":{\"name\":\"Laurent Genvo\",\"@id\":\"https:\\\/\\\/accent4.com\\\/preprod\\\/#\\\/schema\\\/person\\\/37b66734b80c582879a1aa2721708855\"},\"headline\":\"\u00c0 la D\u00e9couverte du Site Verrier de Meisenthal : Un Voyage Fascinant dans l&rsquo;Histoire du Verre\",\"datePublished\":\"2023-12-23T09:19:59+00:00\",\"dateModified\":\"2023-12-23T09:20:00+00:00\",\"mainEntityOfPage\":{\"@id\":\"https:\\\/\\\/accent4.com\\\/preprod\\\/a-la-decouverte-du-site-verrier-de-meisenthal-un-voyage-fascinant-dans-lhistoire-du-verre-7685\\\/\"},\"wordCount\":649,\"commentCount\":0,\"publisher\":{\"@id\":\"https:\\\/\\\/accent4.com\\\/preprod\\\/#organization\"},\"image\":{\"@id\":\"https:\\\/\\\/accent4.com\\\/preprod\\\/a-la-decouverte-du-site-verrier-de-meisenthal-un-voyage-fascinant-dans-lhistoire-du-verre-7685\\\/#primaryimage\"},\"thumbnailUrl\":\"https:\\\/\\\/accent4.com\\\/preprod\\\/wp-content\\\/uploads\\\/2023\\\/12\\\/Boule.jpg\",\"articleSection\":[\"Magazine\"],\"inLanguage\":\"fr-FR\",\"potentialAction\":[{\"@type\":\"CommentAction\",\"name\":\"Comment\",\"target\":[\"https:\\\/\\\/accent4.com\\\/preprod\\\/a-la-decouverte-du-site-verrier-de-meisenthal-un-voyage-fascinant-dans-lhistoire-du-verre-7685\\\/#respond\"]}]},{\"@type\":\"WebPage\",\"@id\":\"https:\\\/\\\/accent4.com\\\/preprod\\\/a-la-decouverte-du-site-verrier-de-meisenthal-un-voyage-fascinant-dans-lhistoire-du-verre-7685\\\/\",\"url\":\"https:\\\/\\\/accent4.com\\\/preprod\\\/a-la-decouverte-du-site-verrier-de-meisenthal-un-voyage-fascinant-dans-lhistoire-du-verre-7685\\\/\",\"name\":\"\u00c0 la D\u00e9couverte du Site Verrier de Meisenthal : Un Voyage Fascinant dans l'Histoire du Verre &#8211; [PREPROD] Accent 4\",\"isPartOf\":{\"@id\":\"https:\\\/\\\/accent4.com\\\/preprod\\\/#website\"},\"primaryImageOfPage\":{\"@id\":\"https:\\\/\\\/accent4.com\\\/preprod\\\/a-la-decouverte-du-site-verrier-de-meisenthal-un-voyage-fascinant-dans-lhistoire-du-verre-7685\\\/#primaryimage\"},\"image\":{\"@id\":\"https:\\\/\\\/accent4.com\\\/preprod\\\/a-la-decouverte-du-site-verrier-de-meisenthal-un-voyage-fascinant-dans-lhistoire-du-verre-7685\\\/#primaryimage\"},\"thumbnailUrl\":\"https:\\\/\\\/accent4.com\\\/preprod\\\/wp-content\\\/uploads\\\/2023\\\/12\\\/Boule.jpg\",\"datePublished\":\"2023-12-23T09:19:59+00:00\",\"dateModified\":\"2023-12-23T09:20:00+00:00\",\"description\":\"L'histoire du site verrier de Meisenthal remonte au 18e si\u00e8cle. Fond\u00e9 en 1704, il a connu des p\u00e9riodes de prosp\u00e9rit\u00e9 et de d\u00e9clin au fil des si\u00e8cles. Cependant, la passion des artisans verriers pour leur m\u00e9tier a permis \u00e0 cet h\u00e9ritage unique de perdurer. Les techniques ancestrales de soufflage du verre ont \u00e9t\u00e9 transmises de g\u00e9n\u00e9ration en g\u00e9n\u00e9ration, faisant de Meisenthal un phare du patrimoine verrier.\",\"breadcrumb\":{\"@id\":\"https:\\\/\\\/accent4.com\\\/preprod\\\/a-la-decouverte-du-site-verrier-de-meisenthal-un-voyage-fascinant-dans-lhistoire-du-verre-7685\\\/#breadcrumb\"},\"inLanguage\":\"fr-FR\",\"potentialAction\":[{\"@type\":\"ReadAction\",\"target\":[\"https:\\\/\\\/accent4.com\\\/preprod\\\/a-la-decouverte-du-site-verrier-de-meisenthal-un-voyage-fascinant-dans-lhistoire-du-verre-7685\\\/\"]}]},{\"@type\":\"ImageObject\",\"inLanguage\":\"fr-FR\",\"@id\":\"https:\\\/\\\/accent4.com\\\/preprod\\\/a-la-decouverte-du-site-verrier-de-meisenthal-un-voyage-fascinant-dans-lhistoire-du-verre-7685\\\/#primaryimage\",\"url\":\"https:\\\/\\\/accent4.com\\\/preprod\\\/wp-content\\\/uploads\\\/2023\\\/12\\\/Boule.jpg\",\"contentUrl\":\"https:\\\/\\\/accent4.com\\\/preprod\\\/wp-content\\\/uploads\\\/2023\\\/12\\\/Boule.jpg\",\"width\":261,\"height\":193},{\"@type\":\"BreadcrumbList\",\"@id\":\"https:\\\/\\\/accent4.com\\\/preprod\\\/a-la-decouverte-du-site-verrier-de-meisenthal-un-voyage-fascinant-dans-lhistoire-du-verre-7685\\\/#breadcrumb\",\"itemListElement\":[{\"@type\":\"ListItem\",\"position\":1,\"name\":\"Home\",\"item\":\"https:\\\/\\\/accent4.com\\\/preprod\\\/\"},{\"@type\":\"ListItem\",\"position\":2,\"name\":\"\u00c0 la D\u00e9couverte du Site Verrier de Meisenthal : Un Voyage Fascinant dans l&rsquo;Histoire du Verre\"}]},{\"@type\":\"WebSite\",\"@id\":\"https:\\\/\\\/accent4.com\\\/preprod\\\/#website\",\"url\":\"https:\\\/\\\/accent4.com\\\/preprod\\\/\",\"name\":\"Accent 4 - L'instant classique - Radio\",\"description\":\"L&#039;instant classique\",\"publisher\":{\"@id\":\"https:\\\/\\\/accent4.com\\\/preprod\\\/#organization\"},\"potentialAction\":[{\"@type\":\"SearchAction\",\"target\":{\"@type\":\"EntryPoint\",\"urlTemplate\":\"https:\\\/\\\/accent4.com\\\/preprod\\\/?s={search_term_string}\"},\"query-input\":{\"@type\":\"PropertyValueSpecification\",\"valueRequired\":true,\"valueName\":\"search_term_string\"}}],\"inLanguage\":\"fr-FR\"},{\"@type\":\"Organization\",\"@id\":\"https:\\\/\\\/accent4.com\\\/preprod\\\/#organization\",\"name\":\"Accent 4\",\"url\":\"https:\\\/\\\/accent4.com\\\/preprod\\\/\",\"logo\":{\"@type\":\"ImageObject\",\"inLanguage\":\"fr-FR\",\"@id\":\"https:\\\/\\\/accent4.com\\\/preprod\\\/#\\\/schema\\\/logo\\\/image\\\/\",\"url\":\"https:\\\/\\\/accent4.com\\\/preprod\\\/wp-content\\\/uploads\\\/2019\\\/07\\\/cropped-logo-white.png\",\"contentUrl\":\"https:\\\/\\\/accent4.com\\\/preprod\\\/wp-content\\\/uploads\\\/2019\\\/07\\\/cropped-logo-white.png\",\"width\":512,\"height\":512,\"caption\":\"Accent 4\"},\"image\":{\"@id\":\"https:\\\/\\\/accent4.com\\\/preprod\\\/#\\\/schema\\\/logo\\\/image\\\/\"},\"sameAs\":[\"https:\\\/\\\/www.facebook.com\\\/Accent4\\\/\",\"https:\\\/\\\/www.instagram.com\\\/radioaccent4\\\/\"]},{\"@type\":\"Person\",\"@id\":\"https:\\\/\\\/accent4.com\\\/preprod\\\/#\\\/schema\\\/person\\\/37b66734b80c582879a1aa2721708855\",\"name\":\"Laurent Genvo\",\"image\":{\"@type\":\"ImageObject\",\"inLanguage\":\"fr-FR\",\"@id\":\"https:\\\/\\\/secure.gravatar.com\\\/avatar\\\/9295273e6496b99648d0ecf39a2c1e01dddc859bee83e02e48b12aa2779f33bd?s=96&d=mm&r=g\",\"url\":\"https:\\\/\\\/secure.gravatar.com\\\/avatar\\\/9295273e6496b99648d0ecf39a2c1e01dddc859bee83e02e48b12aa2779f33bd?s=96&d=mm&r=g\",\"contentUrl\":\"https:\\\/\\\/secure.gravatar.com\\\/avatar\\\/9295273e6496b99648d0ecf39a2c1e01dddc859bee83e02e48b12aa2779f33bd?s=96&d=mm&r=g\",\"caption\":\"Laurent Genvo\"}}]}<\/script>\n<!-- \/ Yoast SEO plugin. -->","yoast_head_json":{"title":"\u00c0 la D\u00e9couverte du Site Verrier de Meisenthal : Un Voyage Fascinant dans l'Histoire du Verre &#8211; [PREPROD] Accent 4","description":"L'histoire du site verrier de Meisenthal remonte au 18e si\u00e8cle. Fond\u00e9 en 1704, il a connu des p\u00e9riodes de prosp\u00e9rit\u00e9 et de d\u00e9clin au fil des si\u00e8cles. Cependant, la passion des artisans verriers pour leur m\u00e9tier a permis \u00e0 cet h\u00e9ritage unique de perdurer. Les techniques ancestrales de soufflage du verre ont \u00e9t\u00e9 transmises de g\u00e9n\u00e9ration en g\u00e9n\u00e9ration, faisant de Meisenthal un phare du patrimoine verrier.","robots":{"index":"index","follow":"follow","max-snippet":"max-snippet:-1","max-image-preview":"max-image-preview:large","max-video-preview":"max-video-preview:-1"},"canonical":"https:\/\/accent4.com\/preprod\/a-la-decouverte-du-site-verrier-de-meisenthal-un-voyage-fascinant-dans-lhistoire-du-verre-7685\/","og_locale":"fr_FR","og_type":"article","og_title":"\u00c0 la D\u00e9couverte du Site Verrier de Meisenthal : Un Voyage Fascinant dans l'Histoire du Verre &#8211; [PREPROD] Accent 4","og_description":"L'histoire du site verrier de Meisenthal remonte au 18e si\u00e8cle. Fond\u00e9 en 1704, il a connu des p\u00e9riodes de prosp\u00e9rit\u00e9 et de d\u00e9clin au fil des si\u00e8cles. Cependant, la passion des artisans verriers pour leur m\u00e9tier a permis \u00e0 cet h\u00e9ritage unique de perdurer. Les techniques ancestrales de soufflage du verre ont \u00e9t\u00e9 transmises de g\u00e9n\u00e9ration en g\u00e9n\u00e9ration, faisant de Meisenthal un phare du patrimoine verrier.","og_url":"https:\/\/accent4.com\/preprod\/a-la-decouverte-du-site-verrier-de-meisenthal-un-voyage-fascinant-dans-lhistoire-du-verre-7685\/","og_site_name":"[PREPROD] Accent 4","article_publisher":"https:\/\/www.facebook.com\/Accent4\/","article_published_time":"2023-12-23T09:19:59+00:00","article_modified_time":"2023-12-23T09:20:00+00:00","og_image":[{"width":261,"height":193,"url":"https:\/\/accent4.com\/preprod\/wp-content\/uploads\/2023\/12\/Boule.jpg","type":"image\/jpeg"}],"author":"Laurent Genvo","twitter_card":"summary_large_image","twitter_misc":{"\u00c9crit par":"Laurent Genvo","Dur\u00e9e de lecture estim\u00e9e":"3 minutes"},"schema":{"@context":"https:\/\/schema.org","@graph":[{"@type":"Article","@id":"https:\/\/accent4.com\/preprod\/a-la-decouverte-du-site-verrier-de-meisenthal-un-voyage-fascinant-dans-lhistoire-du-verre-7685\/#article","isPartOf":{"@id":"https:\/\/accent4.com\/preprod\/a-la-decouverte-du-site-verrier-de-meisenthal-un-voyage-fascinant-dans-lhistoire-du-verre-7685\/"},"author":{"name":"Laurent Genvo","@id":"https:\/\/accent4.com\/preprod\/#\/schema\/person\/37b66734b80c582879a1aa2721708855"},"headline":"\u00c0 la D\u00e9couverte du Site Verrier de Meisenthal : Un Voyage Fascinant dans l&rsquo;Histoire du Verre","datePublished":"2023-12-23T09:19:59+00:00","dateModified":"2023-12-23T09:20:00+00:00","mainEntityOfPage":{"@id":"https:\/\/accent4.com\/preprod\/a-la-decouverte-du-site-verrier-de-meisenthal-un-voyage-fascinant-dans-lhistoire-du-verre-7685\/"},"wordCount":649,"commentCount":0,"publisher":{"@id":"https:\/\/accent4.com\/preprod\/#organization"},"image":{"@id":"https:\/\/accent4.com\/preprod\/a-la-decouverte-du-site-verrier-de-meisenthal-un-voyage-fascinant-dans-lhistoire-du-verre-7685\/#primaryimage"},"thumbnailUrl":"https:\/\/accent4.com\/preprod\/wp-content\/uploads\/2023\/12\/Boule.jpg","articleSection":["Magazine"],"inLanguage":"fr-FR","potentialAction":[{"@type":"CommentAction","name":"Comment","target":["https:\/\/accent4.com\/preprod\/a-la-decouverte-du-site-verrier-de-meisenthal-un-voyage-fascinant-dans-lhistoire-du-verre-7685\/#respond"]}]},{"@type":"WebPage","@id":"https:\/\/accent4.com\/preprod\/a-la-decouverte-du-site-verrier-de-meisenthal-un-voyage-fascinant-dans-lhistoire-du-verre-7685\/","url":"https:\/\/accent4.com\/preprod\/a-la-decouverte-du-site-verrier-de-meisenthal-un-voyage-fascinant-dans-lhistoire-du-verre-7685\/","name":"\u00c0 la D\u00e9couverte du Site Verrier de Meisenthal : Un Voyage Fascinant dans l'Histoire du Verre &#8211; [PREPROD] Accent 4","isPartOf":{"@id":"https:\/\/accent4.com\/preprod\/#website"},"primaryImageOfPage":{"@id":"https:\/\/accent4.com\/preprod\/a-la-decouverte-du-site-verrier-de-meisenthal-un-voyage-fascinant-dans-lhistoire-du-verre-7685\/#primaryimage"},"image":{"@id":"https:\/\/accent4.com\/preprod\/a-la-decouverte-du-site-verrier-de-meisenthal-un-voyage-fascinant-dans-lhistoire-du-verre-7685\/#primaryimage"},"thumbnailUrl":"https:\/\/accent4.com\/preprod\/wp-content\/uploads\/2023\/12\/Boule.jpg","datePublished":"2023-12-23T09:19:59+00:00","dateModified":"2023-12-23T09:20:00+00:00","description":"L'histoire du site verrier de Meisenthal remonte au 18e si\u00e8cle. Fond\u00e9 en 1704, il a connu des p\u00e9riodes de prosp\u00e9rit\u00e9 et de d\u00e9clin au fil des si\u00e8cles. Cependant, la passion des artisans verriers pour leur m\u00e9tier a permis \u00e0 cet h\u00e9ritage unique de perdurer. Les techniques ancestrales de soufflage du verre ont \u00e9t\u00e9 transmises de g\u00e9n\u00e9ration en g\u00e9n\u00e9ration, faisant de Meisenthal un phare du patrimoine verrier.","breadcrumb":{"@id":"https:\/\/accent4.com\/preprod\/a-la-decouverte-du-site-verrier-de-meisenthal-un-voyage-fascinant-dans-lhistoire-du-verre-7685\/#breadcrumb"},"inLanguage":"fr-FR","potentialAction":[{"@type":"ReadAction","target":["https:\/\/accent4.com\/preprod\/a-la-decouverte-du-site-verrier-de-meisenthal-un-voyage-fascinant-dans-lhistoire-du-verre-7685\/"]}]},{"@type":"ImageObject","inLanguage":"fr-FR","@id":"https:\/\/accent4.com\/preprod\/a-la-decouverte-du-site-verrier-de-meisenthal-un-voyage-fascinant-dans-lhistoire-du-verre-7685\/#primaryimage","url":"https:\/\/accent4.com\/preprod\/wp-content\/uploads\/2023\/12\/Boule.jpg","contentUrl":"https:\/\/accent4.com\/preprod\/wp-content\/uploads\/2023\/12\/Boule.jpg","width":261,"height":193},{"@type":"BreadcrumbList","@id":"https:\/\/accent4.com\/preprod\/a-la-decouverte-du-site-verrier-de-meisenthal-un-voyage-fascinant-dans-lhistoire-du-verre-7685\/#breadcrumb","itemListElement":[{"@type":"ListItem","position":1,"name":"Home","item":"https:\/\/accent4.com\/preprod\/"},{"@type":"ListItem","position":2,"name":"\u00c0 la D\u00e9couverte du Site Verrier de Meisenthal : Un Voyage Fascinant dans l&rsquo;Histoire du Verre"}]},{"@type":"WebSite","@id":"https:\/\/accent4.com\/preprod\/#website","url":"https:\/\/accent4.com\/preprod\/","name":"Accent 4 - L'instant classique - Radio","description":"L&#039;instant classique","publisher":{"@id":"https:\/\/accent4.com\/preprod\/#organization"},"potentialAction":[{"@type":"SearchAction","target":{"@type":"EntryPoint","urlTemplate":"https:\/\/accent4.com\/preprod\/?s={search_term_string}"},"query-input":{"@type":"PropertyValueSpecification","valueRequired":true,"valueName":"search_term_string"}}],"inLanguage":"fr-FR"},{"@type":"Organization","@id":"https:\/\/accent4.com\/preprod\/#organization","name":"Accent 4","url":"https:\/\/accent4.com\/preprod\/","logo":{"@type":"ImageObject","inLanguage":"fr-FR","@id":"https:\/\/accent4.com\/preprod\/#\/schema\/logo\/image\/","url":"https:\/\/accent4.com\/preprod\/wp-content\/uploads\/2019\/07\/cropped-logo-white.png","contentUrl":"https:\/\/accent4.com\/preprod\/wp-content\/uploads\/2019\/07\/cropped-logo-white.png","width":512,"height":512,"caption":"Accent 4"},"image":{"@id":"https:\/\/accent4.com\/preprod\/#\/schema\/logo\/image\/"},"sameAs":["https:\/\/www.facebook.com\/Accent4\/","https:\/\/www.instagram.com\/radioaccent4\/"]},{"@type":"Person","@id":"https:\/\/accent4.com\/preprod\/#\/schema\/person\/37b66734b80c582879a1aa2721708855","name":"Laurent Genvo","image":{"@type":"ImageObject","inLanguage":"fr-FR","@id":"https:\/\/secure.gravatar.com\/avatar\/9295273e6496b99648d0ecf39a2c1e01dddc859bee83e02e48b12aa2779f33bd?s=96&d=mm&r=g","url":"https:\/\/secure.gravatar.com\/avatar\/9295273e6496b99648d0ecf39a2c1e01dddc859bee83e02e48b12aa2779f33bd?s=96&d=mm&r=g","contentUrl":"https:\/\/secure.gravatar.com\/avatar\/9295273e6496b99648d0ecf39a2c1e01dddc859bee83e02e48b12aa2779f33bd?s=96&d=mm&r=g","caption":"Laurent Genvo"}}]}},"amp_enabled":true,"_links":{"self":[{"href":"https:\/\/accent4.com\/preprod\/wp-json\/wp\/v2\/posts\/7685","targetHints":{"allow":["GET"]}}],"collection":[{"href":"https:\/\/accent4.com\/preprod\/wp-json\/wp\/v2\/posts"}],"about":[{"href":"https:\/\/accent4.com\/preprod\/wp-json\/wp\/v2\/types\/post"}],"author":[{"embeddable":true,"href":"https:\/\/accent4.com\/preprod\/wp-json\/wp\/v2\/users\/4665"}],"replies":[{"embeddable":true,"href":"https:\/\/accent4.com\/preprod\/wp-json\/wp\/v2\/comments?post=7685"}],"version-history":[{"count":0,"href":"https:\/\/accent4.com\/preprod\/wp-json\/wp\/v2\/posts\/7685\/revisions"}],"wp:featuredmedia":[{"embeddable":true,"href":"https:\/\/accent4.com\/preprod\/wp-json\/wp\/v2\/media\/7688"}],"wp:attachment":[{"href":"https:\/\/accent4.com\/preprod\/wp-json\/wp\/v2\/media?parent=7685"}],"wp:term":[{"taxonomy":"category","embeddable":true,"href":"https:\/\/accent4.com\/preprod\/wp-json\/wp\/v2\/categories?post=7685"},{"taxonomy":"post_tag","embeddable":true,"href":"https:\/\/accent4.com\/preprod\/wp-json\/wp\/v2\/tags?post=7685"},{"taxonomy":"series","embeddable":true,"href":"https:\/\/accent4.com\/preprod\/wp-json\/wp\/v2\/series?post=7685"}],"curies":[{"name":"wp","href":"https:\/\/api.w.org\/{rel}","templated":true}]}}