{"id":7748,"date":"2024-01-05T20:48:44","date_gmt":"2024-01-05T19:48:44","guid":{"rendered":"https:\/\/accent4.com\/preprod\/?p=7748"},"modified":"2024-11-01T19:21:42","modified_gmt":"2024-11-01T18:21:42","slug":"avec-le-pass-musee-decouvrez-le-musee-des-beaux-arts-de-nancy","status":"publish","type":"post","link":"https:\/\/accent4.com\/preprod\/avec-le-pass-musee-decouvrez-le-musee-des-beaux-arts-de-nancy-7748\/","title":{"rendered":"Gagnez le Pass Mus\u00e9e et d\u00e9couvrez gratuitement 340 mus\u00e9es !"},"content":{"rendered":"\n<p><strong>D\u00e9couvrez gratuitement 340 mus\u00e9es<\/strong> gr\u00e2ce au Pass-Mus\u00e9e en<mark style=\"background-color:rgba(0, 0, 0, 0);color:#e7670b\" class=\"has-inline-color\"><strong>tentant votre chance en compl\u00e9tant le formulaire ci-dessous. Bonne chance !<\/strong><\/mark><\/p>\n\n\n\n<div class=\"wpcf7 no-js\" id=\"wpcf7-f6788-o1\" lang=\"fr-FR\" dir=\"ltr\" data-wpcf7-id=\"6788\">\n<div class=\"screen-reader-response\"><p role=\"status\" aria-live=\"polite\" aria-atomic=\"true\"><\/p> <ul><\/ul><\/div>\n<form action=\"\/preprod\/wp-json\/wp\/v2\/posts\/7748#wpcf7-f6788-o1\" method=\"post\" class=\"wpcf7-form init\" aria-label=\"Formulaire de contact\" novalidate=\"novalidate\" data-status=\"init\">\n<fieldset class=\"hidden-fields-container\"><input type=\"hidden\" name=\"_wpcf7\" value=\"6788\" \/><input type=\"hidden\" name=\"_wpcf7_version\" value=\"6.1.5\" \/><input type=\"hidden\" name=\"_wpcf7_locale\" value=\"fr_FR\" \/><input type=\"hidden\" name=\"_wpcf7_unit_tag\" value=\"wpcf7-f6788-o1\" \/><input type=\"hidden\" name=\"_wpcf7_container_post\" value=\"0\" \/><input type=\"hidden\" name=\"_wpcf7_posted_data_hash\" value=\"\" \/><input type=\"hidden\" name=\"_wpcf7dtx_version\" value=\"5.0.5\" \/><input type=\"hidden\" name=\"_wpcf7_recaptcha_response\" value=\"\" \/>\n<\/fieldset>\n<p><label> Votre pr\u00e9nom<br \/>\n<span class=\"wpcf7-form-control-wrap\" data-name=\"prenom\"><input size=\"40\" maxlength=\"400\" class=\"wpcf7-form-control wpcf7-text wpcf7-validates-as-required\" aria-required=\"true\" aria-invalid=\"false\" value=\"\" type=\"text\" name=\"prenom\" \/><\/span> <\/label>\n<\/p>\n<p><label> Votre nom<br \/>\n<span class=\"wpcf7-form-control-wrap\" data-name=\"nom\"><input size=\"40\" maxlength=\"400\" class=\"wpcf7-form-control wpcf7-text wpcf7-validates-as-required\" aria-required=\"true\" aria-invalid=\"false\" value=\"\" type=\"text\" name=\"nom\" \/><\/span> <\/label>\n<\/p>\n<p><label> Votre e-mail<br \/>\n<span class=\"wpcf7-form-control-wrap\" data-name=\"email\"><input size=\"40\" maxlength=\"400\" class=\"wpcf7-form-control wpcf7-email wpcf7-validates-as-required wpcf7-text wpcf7-validates-as-email\" aria-required=\"true\" aria-invalid=\"false\" value=\"\" type=\"email\" name=\"email\" \/><\/span> <\/label>\n<\/p>\n<p><label> Votre num\u00e9ro de t\u00e9l\u00e9phone<br \/>\n<span class=\"wpcf7-form-control-wrap\" data-name=\"phone\"><input size=\"40\" maxlength=\"400\" class=\"wpcf7-form-control wpcf7-tel wpcf7-validates-as-required wpcf7-text wpcf7-validates-as-tel\" aria-required=\"true\" aria-invalid=\"false\" value=\"\" type=\"tel\" name=\"phone\" \/><\/span> <\/label>\n<\/p>\n<span class=\"wpcf7-form-control-wrap page-title\" data-name=\"page-title\"><input type=\"hidden\" name=\"page-title\" class=\"wpcf7-form-control wpcf7-hidden wpcf7dtx wpcf7dtx-hidden\" aria-invalid=\"false\" value=\"Gagnez le Pass Mus\u00e9e et d\u00e9couvrez gratuitement 340 mus\u00e9es !\"><\/span>\n<p><input class=\"wpcf7-form-control wpcf7-submit has-spinner\" type=\"submit\" value=\"Envoyer\" \/>\n<\/p><p style=\"display: none !important;\" class=\"akismet-fields-container\" data-prefix=\"_wpcf7_ak_\"><label>&#916;<textarea name=\"_wpcf7_ak_hp_textarea\" cols=\"45\" rows=\"8\" maxlength=\"100\"><\/textarea><\/label><input type=\"hidden\" id=\"ak_js_1\" name=\"_wpcf7_ak_js\" value=\"57\"\/><script>document.getElementById( \"ak_js_1\" ).setAttribute( \"value\", ( new Date() ).getTime() );<\/script><\/p><div class=\"wpcf7-response-output\" aria-hidden=\"true\"><\/div>\n<\/form>\n<\/div>\n\n\n\n\n<h2 class=\"wp-block-heading\"><strong>1500 m\u00b2 pour l\u2019art contemporain<\/strong><\/h2>\n\n\n\n<p>La Fondation Fernet-Branca vous invite \u00e0<strong> d\u00e9couvrir une exposition consacr\u00e9e \u00e0 l\u2019\u0153uvre de Jean Messagier,<\/strong> l\u2019un des peintres les plus singuliers et les plus influents de sa g\u00e9n\u00e9ration, \u00e0 l\u2019univers pictural unique, profond\u00e9ment personnel et intime. <\/p>\n\n\n\n<p>Avec cette r\u00e9alisation, il s\u2019agit de doter Saint-Louis et sa r\u00e9gion d\u2019un lieu d\u2019exposition d\u2019art contemporain qui compl\u00e8te l\u2019offre culturelle alors propos\u00e9e en plein centre-ville de Saint-Louis : la M\u00e9diath\u00e8que \u00ab\u00a0Le Parnasse\u00a0\u00bb ouverte en 1993, trois salles de cin\u00e9ma, un th\u00e9\u00e2tre \u00e0 l\u2019italienne \u00ab\u00a0La Coupole\u00a0\u00bb, construit en 1999, et le futur caf\u00e9 litt\u00e9raire.<\/p>\n\n\n\n<figure class=\"wp-block-image size-full is-resized\"><img fetchpriority=\"high\" decoding=\"async\" width=\"294\" height=\"172\" src=\"https:\/\/accent4.com\/preprod\/wp-content\/uploads\/2024\/01\/Message.jpg\" alt=\"\" class=\"wp-image-11199\" style=\"width:504px;height:auto\"\/><\/figure>\n\n\n\n<p>Son \u0153uvre est l\u2019une des plus importantes de l\u2019histoire de l\u2019art moderne et de la peinture abstraite de la seconde moiti\u00e9 du XXe si\u00e8cle. Cette exposition avec plus de cent-dix \u0153uvres retrace son parcours en remontant le temps : \u00e0 partir de ses derni\u00e8res \u0153uvres semblant accorder la pr\u00e9cellence \u00e0 la forme parce que s\u2019y cristallise en des ach\u00e8vements somptueux l\u2019opera de sa vie de peintre, son histoire, ses histoires vers les travaux de ses d\u00e9buts o\u00f9 se mettent en place les caract\u00e9ristiques que l\u2019on a retenues de son art port\u00e9es \u00e0 la fin des ann\u00e9es 60 \u00e0 cette abstraction absolue qu\u2019il recherchait. Nous n\u2019avons que fait allusion, d\u00e9lib\u00e9r\u00e9ment, aux \u0153uvres surprenantes des ann\u00e9es 70 et 80 qui ont fait l\u2019objet de pr\u00e9sentations r\u00e9centes.<\/p>\n\n\n\n<p>L\u2019id\u00e9e est n\u00e9e d\u00e9but 2003, lors de la visite des lieux par Jean Ueberschlag, d\u00e9put\u00e9-maire, et Jean-Michel Wilmotte, architecte, \u00e0 l\u2019occasion de la mission confi\u00e9e par le Conseil Municipal de Saint-Louis au Cabinet Willmotte, charg\u00e9 de d\u00e9finir un nouveau projet urbain pour Saint-Louis. Le projet de transformer l\u2019ancienne distillerie Fernet-Branca en mus\u00e9e d\u2019art contemporain s\u2019inscrit dans l\u2019environnement transfrontalier de Saint-Louis \u00e0 B\u00e2le, la Fondation Beyeler, le mus\u00e9e Tinguely, le Schaulager, l\u2019exposition annuelle \u00ab\u00a0Art Basel\u00a0\u00bb et Weil am Rhein, en Allemagne, le \u00ab\u00a0Vitra Design Museum\u00a0\u00bb.<\/p>\n\n\n\n<h2 class=\"wp-block-heading\"><strong>Mus\u00e9e de la Distillerie <\/strong><\/h2>\n\n\n\n<p><strong><em>Aux portes du Val de Vill\u00e9, dans le pi\u00e9mont des Vosges alsaciennes, s\u2019ouvre La Maison du Distillateur, espace mus\u00e9ographique consacr\u00e9 aux eaux-de-vie et au whisky en France. Une grande premi\u00e8re initi\u00e9e par la Distillerie Meyer, entreprise familiale et ind\u00e9pendante, la plus prim\u00e9e de la r\u00e9gion<\/em><\/strong><\/p>\n\n\n\n<p>Entre tradition et modernit\u00e9, d\u2019alambics en bornes tactiles, La Maison du Distillateur retrace l\u2019histoire des bouilleurs de crus, fameux dans ce coin d\u2019Alsace depuis deux si\u00e8cles.<\/p>\n\n\n\n<figure class=\"wp-block-image size-large is-resized\"><img decoding=\"async\" width=\"1024\" height=\"813\" src=\"https:\/\/accent4.com\/preprod\/wp-content\/uploads\/2024\/01\/D612799-1024x813.jpg\" alt=\"\" class=\"wp-image-10839\" style=\"width:544px;height:auto\" srcset=\"https:\/\/accent4.com\/preprod\/wp-content\/uploads\/2024\/01\/D612799-1024x813.jpg 1024w, https:\/\/accent4.com\/preprod\/wp-content\/uploads\/2024\/01\/D612799-300x238.jpg 300w, https:\/\/accent4.com\/preprod\/wp-content\/uploads\/2024\/01\/D612799-768x610.jpg 768w, https:\/\/accent4.com\/preprod\/wp-content\/uploads\/2024\/01\/D612799-750x595.jpg 750w, https:\/\/accent4.com\/preprod\/wp-content\/uploads\/2024\/01\/D612799-1140x905.jpg 1140w, https:\/\/accent4.com\/preprod\/wp-content\/uploads\/2024\/01\/D612799.jpg 1260w\" sizes=\"(max-width: 1024px) 100vw, 1024px\" \/><\/figure>\n\n\n\n<p><br><br>Surtout, elle initie le visiteur \u00e0 cette pratique ancestrale, si importante dans le quotidien de la vie paysanne d\u2019antan. Microclimat local, importance des vergers, diversit\u00e9 des fruits du terroir, techniques de distillation, \u00ab part des anges \u00bb\u2026 les espaces de ce mus\u00e9e in\u00e9dit expliquent clairement les caract\u00e9ristiques du m\u00e9tier et son d\u00e9ploiement dans la r\u00e9gion au travers d\u2019un parcours particuli\u00e8rement visuel, didactique et\u2026 odorant !<br><br>Accompagn\u00e9 par le lutin Wurzel, figure embl\u00e9matique du Val de Vill\u00e9, on d\u00e9couvre ce savoir-faire si typiquement fran\u00e7ais et alsacien. Savoir-faire en constante \u00e9volution, comme nous le prouve le dernier espace consacr\u00e9 \u00e0 la cr\u00e9ation et au succ\u00e8s du whisky alsacien Meyer\u2019s, aboutissement d\u2019ann\u00e9es de recherches aujourd\u2019hui particuli\u00e8rement fructueuses.<\/p>\n\n\n\n<h1 class=\"wp-block-heading\"><strong>Mus\u00e9e Th\u00e9odore Deck<\/strong><\/h1>\n\n\n\n<p><strong><em>Connaissez-vous Th\u00e9odore Deck ? Pour d\u00e9couvrir les \u0153uvres du plus fameux c\u00e9ramiste du 19e si\u00e8cle, originaire de Guebwiller, venez au Mus\u00e9e Th\u00e9odore Deck.<\/em><\/strong><\/p>\n\n\n\n<p>Le mus\u00e9e abrite une des plus belles collections de <strong>min\u00e9raux<\/strong> de la r\u00e9gion, qui illustre la vari\u00e9t\u00e9 et la richesse du Massif vosgien. Le mus\u00e9e expose \u00e9galement un ensemble de <strong>vestiges arch\u00e9ologiques <\/strong>remontant aux premiers temps d\u2019occupation de la vall\u00e9e de la Lauch.<\/p>\n\n\n\n<p>Install\u00e9 dans l\u2019ancien Grand Doyenn\u00e9, le mus\u00e9e se situe au coeur du <strong>quartier canonial<\/strong> \u00e9tabli au 18e si\u00e8cle par les princes-abb\u00e9s de Murbach.<\/p>\n\n\n\n<figure class=\"wp-block-image\"><img decoding=\"async\" src=\"https:\/\/www.ville-guebwiller.fr\/wp-content\/uploads\/2015\/07\/Ext\u00e9rieur-du-Mus\u00e9e.jpg\" alt=\"Vue du Mus\u00e9e Th\u00e9odore Deck et des Pays du Florvial du jardin\" class=\"wp-image-909\"\/><figcaption class=\"wp-element-caption\">Le mus\u00e9e et son jardin<br>(c) Ville de Guebwiller \/ Mus\u00e9e Th\u00e9odore Deck<\/figcaption><\/figure>\n\n\n\n<p>Le mus\u00e9e conserve des fragments et des statues provenant des <strong>\u00e9difices religieux <\/strong>\u00e9difi\u00e9s entre l\u2019\u00e9poque romane et la R\u00e9volution fran\u00e7aise dans la r\u00e9gion de Guebwiller, notamment de l\u2019<strong>abbaye de Murbach<\/strong>.<\/p>\n\n\n\n<h3 class=\"wp-block-heading\"><strong>Le patrimoine industriel et viticole<\/strong><\/h3>\n\n\n\n<p>Le formidable essor de l<strong>\u2018industrie textile<\/strong> au 19e si\u00e8cle et l\u2019importance du <strong>travail de la vigne <\/strong>dans la r\u00e9gion de Guebwiller sont illustr\u00e9s par de nombreux t\u00e9moins mat\u00e9riels expos\u00e9s au dernier \u00e9tage du mus\u00e9e.<\/p>\n\n\n\n<p><strong><em>Au c\u0153ur de l\u2019Alsace, \u00e0 deux pas de la Biblioth\u00e8que Humaniste et \u00e0 quelques minutes du Ch\u00e2teau du Haut Koenigsbourg, la Maison du Pain d\u2019Alsace vous accueille pour vous faire vivre l\u2019histoire du pain dans un lieu unique.<\/em><\/strong><\/p>\n\n\n\n<h3 class=\"wp-block-heading\"><strong>Le  Mus\u00e9e du pain<\/strong>,<strong> une jolie balade au c\u0153ur de notre patrimoine<\/strong><\/h3>\n\n\n\n<p>Un tout nouveau parcours mus\u00e9ographique vous emm\u00e8ne \u00e0 l<a href=\"https:\/\/maisondupain.alsace\/\">a d\u00e9couverte de l\u2019histoire du pain<\/a> avec 5 espaces de visites r\u00e9nov\u00e9s en 2018. Du premier \u00e9pi de bl\u00e9 aux premi\u00e8res farines, du travail de l\u2019artisan boulanger d\u2019hier \u00e0 celui d\u2019aujourd\u2019hui, des l\u00e9gendes du bretzel au kougelhopf, venez d\u00e9couvrir le pain sous toutes ses formes.<\/p>\n\n\n\n<h3 class=\"wp-block-heading\"><strong>Le fournil<\/strong><\/h3>\n\n\n\n<p>Pour que l\u2019histoire soit compl\u00e8te, les boulangers de la maison vous accueillent au fournil pour mettre vos sens en \u00e9moi&nbsp;: pains sp\u00e9ciaux, kougelhopfs, bretzels, pain d\u2019anis, bredle sont produits et cuits sur place. Des animations mains \u00e0 la p\u00e2te pour petits et grands sont propos\u00e9s tout au long de l\u2019ann\u00e9e.<\/p>\n\n\n\n<p><strong>Un salon de th\u00e9 vient compl\u00e9ter la promesse d\u2019un moment savoureux \u00e0 S\u00e9lestat&nbsp;!<\/strong><\/p>\n\n\n\n<h2 class=\"wp-block-heading\"><strong>D\u00e9couvrez le Mus\u00e9e de l\u2019Impression sur \u00c9toffes \u00e0 Mulhouse <\/strong><\/h2>\n\n\n\n<figure class=\"wp-block-image size-full is-resized\"><img decoding=\"async\" width=\"1024\" height=\"678\" src=\"https:\/\/accent4.com\/preprod\/wp-content\/uploads\/2024\/04\/67844_-_Musee_de_limpression_sur_etoffes_a_Mulhouse.jpg\" alt=\"\" class=\"wp-image-9312\" style=\"width:482px;height:auto\" srcset=\"https:\/\/accent4.com\/preprod\/wp-content\/uploads\/2024\/04\/67844_-_Musee_de_limpression_sur_etoffes_a_Mulhouse.jpg 1024w, https:\/\/accent4.com\/preprod\/wp-content\/uploads\/2024\/04\/67844_-_Musee_de_limpression_sur_etoffes_a_Mulhouse-300x199.jpg 300w, https:\/\/accent4.com\/preprod\/wp-content\/uploads\/2024\/04\/67844_-_Musee_de_limpression_sur_etoffes_a_Mulhouse-768x509.jpg 768w, https:\/\/accent4.com\/preprod\/wp-content\/uploads\/2024\/04\/67844_-_Musee_de_limpression_sur_etoffes_a_Mulhouse-750x497.jpg 750w\" sizes=\"(max-width: 1024px) 100vw, 1024px\" \/><\/figure>\n\n\n\n<p>En 1833, les industriels Mulhousiens rassembl\u00e9s au sein de la Soci\u00e9t\u00e9 Industrielle de Mulhouse d\u00e9cident de conserver leurs cr\u00e9ations. Mieux ils s\u2019efforcent de compl\u00e9ter ces archives en collectionnant les productions d\u2019autres pays et d\u2019autres temps. L\u2019ensemble devenu vite important, se constitue de textiles du monde entier, centr\u00e9 sur l\u2019impression alsacienne. La pr\u00e9occupation, clairement avou\u00e9e, est professionnelle : il s\u2019agit de regrouper les productions pass\u00e9es pour inspirer les dessinateurs textiles et servir \u00e0 leur apprentissage. Cet esprit d\u2019\u00e9mulation du dessin appliqu\u00e9 pr\u00e9side \u00e0 la cr\u00e9ation, en 1857, du Mus\u00e9e du Dessin industriel, destin\u00e9 avant tout aux praticiens. Les collections augmentent r\u00e9guli\u00e8rement, offrant une source de plus en plus riche aux industriels de l\u2019impression. Ce principe d\u2019accueil des industriels se poursuit aujourd\u2019hui au sein du Service d\u2019utilisation des documents.<\/p>\n\n\n\n<figure class=\"wp-block-image size-full is-resized\"><img loading=\"lazy\" decoding=\"async\" width=\"800\" height=\"495\" src=\"https:\/\/accent4.com\/preprod\/wp-content\/uploads\/2024\/04\/musee-textile-2.jpg\" alt=\"\" class=\"wp-image-9314\" style=\"width:507px;height:auto\" srcset=\"https:\/\/accent4.com\/preprod\/wp-content\/uploads\/2024\/04\/musee-textile-2.jpg 800w, https:\/\/accent4.com\/preprod\/wp-content\/uploads\/2024\/04\/musee-textile-2-300x186.jpg 300w, https:\/\/accent4.com\/preprod\/wp-content\/uploads\/2024\/04\/musee-textile-2-768x475.jpg 768w, https:\/\/accent4.com\/preprod\/wp-content\/uploads\/2024\/04\/musee-textile-2-750x464.jpg 750w\" sizes=\"(max-width: 800px) 100vw, 800px\" \/><\/figure>\n\n\n\n<p>En 1955, est fond\u00e9e une association de droit local charg\u00e9e de fonder le mus\u00e9e sur des bases patrimoniales. Il s\u2019installe dans le b\u00e2timent de la rue des Bonnes Gens, construit entre 1880 et 1883 pour abriter une partie des nombreuses collections de la Soci\u00e9t\u00e9 Industrielle de Mulhouse. Outre 6 millions d\u2019\u00e9chantillons, le mus\u00e9e conserve pr\u00e8s de 50000 documents textiles : m\u00e9trages, dessus-de-lit, foulards, ch\u00e2les, etc. du XVIIIe si\u00e8cle \u00e0 nos jours. D\u2019une fa\u00e7on plus large, l\u2019impression s\u2019inscrit dans une vaste famille textile dont d\u2019importantes collections repr\u00e9sentatives sont \u00e9galement conserv\u00e9es au Mus\u00e9e comme les fameux plangi, ikats, batiks : l\u2019univers des d\u00e9cors textiles, en provenance du monde entier, se trouve repr\u00e9sent\u00e9. <\/p>\n\n\n\n<p>Le mus\u00e9e a pour vocation de mieux comprendre et faire conna\u00eetre l\u2019impression textile. <strong>Mus\u00e9e d\u2019art d\u00e9coratif, mus\u00e9e industriel, mus\u00e9e d\u2019histoire locale<\/strong>, mus\u00e9e de soci\u00e9t\u00e9, mus\u00e9e de la mode, le mus\u00e9e de l\u2019impression oscille entre de nombreux p\u00f4les patrimoniaux qui ont tous leur importance.<\/p>\n\n\n\n<h2 class=\"wp-block-heading\"><strong>D\u00e9couvrez le mus\u00e9e d&rsquo;histoire naturelle de B\u00e2le. <\/strong><\/h2>\n\n\n\n<p>Plongez dans la diversit\u00e9 de nos expositions permanentes: D\u00e9couvrez des histoires passionnantes d&rsquo;esp\u00e8ces en voie de disparition ou disparues. Voyagez dans le pass\u00e9, par exemple pour d\u00e9couvrir les dinosaures ou les tigres \u00e0 dents de sabre.<strong> Laissez-vous surprendre par des expositions sp\u00e9ciales <\/strong>qui vous plonge dans la nature et ses secrets fascinants.<\/p>\n\n\n\n<figure class=\"wp-block-image size-full is-resized\"><img loading=\"lazy\" decoding=\"async\" width=\"750\" height=\"500\" src=\"https:\/\/accent4.com\/preprod\/wp-content\/uploads\/2024\/04\/2_2_4_mammut_saebelzahntiger_3257.jpg\" alt=\"\" class=\"wp-image-9220\" style=\"width:440px;height:auto\" srcset=\"https:\/\/accent4.com\/preprod\/wp-content\/uploads\/2024\/04\/2_2_4_mammut_saebelzahntiger_3257.jpg 750w, https:\/\/accent4.com\/preprod\/wp-content\/uploads\/2024\/04\/2_2_4_mammut_saebelzahntiger_3257-300x200.jpg 300w\" sizes=\"(max-width: 750px) 100vw, 750px\" \/><figcaption class=\"wp-element-caption\">(C) &#8211; Naturhistorisches Museum Basel<\/figcaption><\/figure>\n\n\n\n<p>Partez \u00e0 la d\u00e9couverte des archives de la vie. Plongez dans la diversit\u00e9 de nos expositions, familiarisez-vous avec les animaux exotiques. Retournez dans le pass\u00e9, vers les dinosaures et \u00e0 l\u2019origine de la Terre. Assistez \u00e0 l\u2019\u00e9volution des mammif\u00e8res, en suivant l\u2019exemple du mammouth ou du tigre aux dents de sabre. Laissez-vous surprendre par nos expositions sur l\u2019univers fascinant de la nature et de ses myst\u00e8res.<\/p>\n\n\n\n<p><strong>D\u00e9couvrez l&rsquo;exposition du moment ci-dessous<\/strong>:<\/p>\n\n\n\n<figure class=\"wp-block-audio\"><audio controls src=\"https:\/\/accent4.com\/preprod\/wp-content\/uploads\/2024\/04\/Exports-Laurent_ACCENT4-RCS-PRO_20240419-160455-743.mp3\"><\/audio><\/figure>\n\n\n\n<p><br>Les archives de la vie sur terre avec des collections internationales et r\u00e9gionales: dinosaure, baleine naine, f\u00e9lin \u00e0 dents de sabre, quagga, dodo, papillons et seiches. Choix parmi un fonds de 7,7 millions d\u2019objets. Diversit\u00e9 des th\u00e8mes de l\u2019apparition de la Terre \u00e0 l\u2019\u00e9volution des mammif\u00e8res.<\/p>\n\n\n\n<figure class=\"wp-block-image size-full\"><img loading=\"lazy\" decoding=\"async\" width=\"480\" height=\"320\" src=\"https:\/\/accent4.com\/preprod\/wp-content\/uploads\/2024\/04\/composed-68_online_1_Megantereon_1gregor_braendli.jpg\" alt=\"\" class=\"wp-image-9223\" srcset=\"https:\/\/accent4.com\/preprod\/wp-content\/uploads\/2024\/04\/composed-68_online_1_Megantereon_1gregor_braendli.jpg 480w, https:\/\/accent4.com\/preprod\/wp-content\/uploads\/2024\/04\/composed-68_online_1_Megantereon_1gregor_braendli-300x200.jpg 300w\" sizes=\"(max-width: 480px) 100vw, 480px\" \/><figcaption class=\"wp-element-caption\">(C) &#8211; Naturhistorisches Museum Basel<\/figcaption><\/figure>\n\n\n\n<p><strong>Du 7 f\u00e9vrier au 26 mai, la Biblioth\u00e8que nationale et universitaire de Strasbourg pr\u00e9sente l&rsquo;exposition&nbsp;<em>Mari en Syrie : renaissance d&rsquo;une cit\u00e9 au 3<sup>e<\/sup> mill\u00e9naire,&nbsp;<\/em>un \u00e9v\u00e9nement exceptionnel con\u00e7u en partenariat avec le Domaine et Mus\u00e9e royal de Mariemont (Belgique) et le mus\u00e9e du Louvre.&nbsp;<\/strong><\/p>\n\n\n\n<figure class=\"wp-block-audio\"><audio controls src=\"https:\/\/accent4.com\/preprod\/wp-content\/uploads\/2024\/04\/Pass-Musee-a-la-Bibliotheque-se-Strasbourg-.mp3\"><\/audio><figcaption class=\"wp-element-caption\">Micha\u00ebl HUELIN avec Emmanuel Marine, directeur d\u00e9l\u00e9gu\u00e9 m\u00e9c\u00e9nat, mus\u00e9e &amp; strat\u00e9gie de d\u00e9veloppement<\/figcaption><\/figure>\n\n\n\n<h4 class=\"wp-block-heading\">Cette&nbsp;exposition est un \u00e9v\u00e9nement exceptionnel produit en partenariat avec le <strong>Domaine &amp; Mus\u00e9e royal de Mariemont<\/strong> (Belgique) et le <strong>Mus\u00e9e du Louvre<\/strong>, qui pr\u00eate pour l\u2019occasion plus de 140 objets, dont une vingtaine de pi\u00e8ces majeures ordinairement&nbsp;expos\u00e9es dans ses propres salles. &nbsp;<\/h4>\n\n\n\n<h4 class=\"wp-block-heading\">Le projet de cette&nbsp;exposition est de faire revivre pour le public l\u2019un des plus puissants royaumes du Proche-Orient ancien, celui de Mari, lors d\u2019une des phases les plus brillantes de sa longue histoire : la p\u00e9riode dite des <em>\u0160akkanakkus<\/em>, c\u2019est-\u00e0-dire entre 2250 et 1810 av. J.-C. Ce que nous savons de cette ville \u00e0 cette p\u00e9riode, \u00e0 la lumi\u00e8re des derni\u00e8res recherches men\u00e9es par les arch\u00e9ologues et les assyriologues, \u00e9claire d\u2019un jour nouveau tout un pan de l\u2019histoire de cette r\u00e9gion, berceau des civilisations de l\u2019\u00e9criture.&nbsp;<\/h4>\n\n\n\n<h4 class=\"wp-block-heading\">Exceptionnelle, cette exposition l&rsquo;est aussi car elle ouvre l&rsquo;ann\u00e9e Strasbourg &#8211; capitale mondiale du livre &#8211; Unesco&nbsp;\u00ab\u00a0Lire notre monde\u00a0\u00bb dans la programmation de la Bnu : c&rsquo;est une note originale que de pr\u00e9senter une exposition remontant aux d\u00e9buts de l&rsquo;\u00e9criture dans ce programme, pour mettre ainsi en perspective des mill\u00e9naires d&rsquo;histoire culturelle.&nbsp; Et cette exposition est enfin une occasion de rendre concret ce qu&rsquo;est et sera le&nbsp;<strong>Mus\u00e9e d&rsquo;art et d&rsquo;arch\u00e9ologie du Proche et du Moyen-Orient \u00e0 Strasbourg,&nbsp;<\/strong>un nouveau mus\u00e9e que la Bnu porte en partenariat avec le mus\u00e9e du Louvre, la DRAC Grand Est, les Mus\u00e9es de Strasbourg et l&rsquo;Universit\u00e9 de Strasbourg. Car&nbsp;<em>Mari en Syrie&nbsp;<\/em>en est pr\u00e9cis\u00e9ment une sorte de pr\u00e9figuration.&nbsp;<\/h4>\n\n\n\n<figure class=\"wp-block-image size-large is-resized\"><img loading=\"lazy\" decoding=\"async\" width=\"761\" height=\"1024\" src=\"https:\/\/accent4.com\/preprod\/wp-content\/uploads\/2024\/04\/SMB_VA-08748_002b-1-761x1024.jpg\" alt=\"\" class=\"wp-image-9103\" style=\"width:349px;height:auto\" srcset=\"https:\/\/accent4.com\/preprod\/wp-content\/uploads\/2024\/04\/SMB_VA-08748_002b-1-761x1024.jpg 761w, https:\/\/accent4.com\/preprod\/wp-content\/uploads\/2024\/04\/SMB_VA-08748_002b-1-223x300.jpg 223w, https:\/\/accent4.com\/preprod\/wp-content\/uploads\/2024\/04\/SMB_VA-08748_002b-1-768x1033.jpg 768w, https:\/\/accent4.com\/preprod\/wp-content\/uploads\/2024\/04\/SMB_VA-08748_002b-1-1142x1536.jpg 1142w, https:\/\/accent4.com\/preprod\/wp-content\/uploads\/2024\/04\/SMB_VA-08748_002b-1-1523x2048.jpg 1523w, https:\/\/accent4.com\/preprod\/wp-content\/uploads\/2024\/04\/SMB_VA-08748_002b-1-750x1009.jpg 750w, https:\/\/accent4.com\/preprod\/wp-content\/uploads\/2024\/04\/SMB_VA-08748_002b-1-1140x1533.jpg 1140w, https:\/\/accent4.com\/preprod\/wp-content\/uploads\/2024\/04\/SMB_VA-08748_002b-1.jpg 1859w\" sizes=\"(max-width: 761px) 100vw, 761px\" \/><\/figure>\n\n\n\n<h4 class=\"wp-block-heading\">La cit\u00e9 de Mari est b\u00e2tie sur les bords de l\u2019Euphrate, en Syrie. Construite vers 2900, elle a connu plusieurs phases au cours des douze si\u00e8cles de son existence. La raison d\u2019\u00eatre et la base de la puissance de Mari \u00e9taient de ma\u00eetriser les \u00e9changes \u00e9conomiques entre l\u2019Anatolie (la Turquie actuelle) et le nord de la Syrie d\u2019une part, et la M\u00e9sopotamie (sud de l\u2019Irak actuel) et le Golfe persique d\u2019autre part, aussi bien par la voie du fleuve que par voie de terre. Centre important de production artisanale, en particulier dans le domaine de la m\u00e9tallurgie, Mari a b\u00e9n\u00e9fici\u00e9 d\u2019une position pr\u00e9pond\u00e9rante au carrefour de routes commerciales (fleuve, canaux, caravanes) pour se d\u00e9velopper, s\u2019embellir, dominer un large territoire et faire vivre la population d\u2019une ville de pr\u00e8s de 2 km de diam\u00e8tre. &nbsp;<\/h4>\n\n\n\n<h4 class=\"wp-block-heading\">Une telle puissance n\u2019a pas manqu\u00e9 d\u2019attirer alliances et convoitises. Durant sa derni\u00e8re p\u00e9riode, sous l\u2019impulsion des \u0160akkanakkus, terme qui signifie gouverneurs, Mari a connu une sorte d\u2019\u00c2ge d\u2019Or de l\u2019art syro-m\u00e9sopotamien : statues et statuettes de pierre, d\u2019argile ou de cuivre, peintures murales, d\u00e9cors d\u2019incrustation, \u00e9l\u00e9ments d\u2019architecture, objets de luxe, d\u00e9p\u00f4ts de fondation. \u00c0 c\u00f4t\u00e9 de ces objets d\u2019art, se d\u00e9voile \u00e9galement tout un substrat culturel, r\u00e9v\u00e9l\u00e9 par les&nbsp;textes cun\u00e9iformes, les outils et installations artisanales, les objets du quotidien, etc.&nbsp;<\/h4>\n\n\n\n<figure class=\"wp-block-image size-large is-resized\"><img loading=\"lazy\" decoding=\"async\" width=\"1024\" height=\"722\" src=\"https:\/\/accent4.com\/preprod\/wp-content\/uploads\/2024\/04\/AP206_3004-1024x722.jpg\" alt=\"\" class=\"wp-image-9105\" style=\"width:434px;height:auto\" srcset=\"https:\/\/accent4.com\/preprod\/wp-content\/uploads\/2024\/04\/AP206_3004-1024x722.jpg 1024w, https:\/\/accent4.com\/preprod\/wp-content\/uploads\/2024\/04\/AP206_3004-300x211.jpg 300w, https:\/\/accent4.com\/preprod\/wp-content\/uploads\/2024\/04\/AP206_3004-768x541.jpg 768w, https:\/\/accent4.com\/preprod\/wp-content\/uploads\/2024\/04\/AP206_3004-1536x1083.jpg 1536w, https:\/\/accent4.com\/preprod\/wp-content\/uploads\/2024\/04\/AP206_3004-2048x1444.jpg 2048w, https:\/\/accent4.com\/preprod\/wp-content\/uploads\/2024\/04\/AP206_3004-120x86.jpg 120w, https:\/\/accent4.com\/preprod\/wp-content\/uploads\/2024\/04\/AP206_3004-750x529.jpg 750w, https:\/\/accent4.com\/preprod\/wp-content\/uploads\/2024\/04\/AP206_3004-1140x804.jpg 1140w\" sizes=\"(max-width: 1024px) 100vw, 1024px\" \/><\/figure>\n\n\n\n<p><\/p>\n\n\n\n<h4 class=\"wp-block-heading\">L\u2019exposition&nbsp;<em>Mari en Syrie : renaissance d\u2019une cit\u00e9 au 3e mill\u00e9naire<\/em>&nbsp;rend compte \u00e0 travers la <strong>diversit\u00e9 des objets r\u00e9unis gr\u00e2ce aux pr\u00eats exceptionnels du mus\u00e9e du Louvre<\/strong>, de la splendeur retrouv\u00e9e de Mari en cette fin du 3<sup>e<\/sup>&nbsp;mill\u00e9naire avant J.-C. Par-del\u00e0 les <strong>chefs-d\u2019\u0153uvre&nbsp;expos\u00e9s \u2013 parfois pour la premi\u00e8re fois \u2013<\/strong> l\u2019exposition invite aussi \u00e0 une formidable aventure arch\u00e9ologique, celle de la red\u00e9couverte de ce site depuis 1933, \u00e0 travers les archives li\u00e9es \u00e0 cette mission arch\u00e9ologique. Suivre les hypoth\u00e8ses et les travaux des arch\u00e9ologues qui explorent Mari depuis 90 ans &#8211; parmi lesquels nombre de chercheurs form\u00e9s ou exer\u00e7ant \u00e0 l&rsquo;Universit\u00e9 de Strasbourg &#8211; met le visiteur en situation de comprendre un peu mieux le r\u00f4le de ces chefs-d&rsquo;\u0153uvre, la ville qu&rsquo;ils r\u00e9v\u00e8lent et le r\u00e9cit mill\u00e9naire qu&rsquo;ils nous livrent, mais aussi l<strong>&lsquo;importance de pr\u00e9server la m\u00e9moire de Mari, patrimoine de l&rsquo;Humanit\u00e9 tr\u00e8s profond\u00e9ment menac\u00e9 depuis 2011.&nbsp;<\/strong><\/h4>\n\n\n\n<h4 class=\"wp-block-heading\"><strong>Documents d&rsquo;archives et photographies retracent cette extraordinaire aventure de la red\u00e9couverte d&rsquo;une cit\u00e9 disparue<\/strong> et t\u00e9moignent du formidable travail d&rsquo;\u00e9lucidation, de compr\u00e9hension et de reconstruction auxquels se livrent avec passion arch\u00e9ologues, \u00e9pigraphistes ou&nbsp;architectes&nbsp; depuis 90 ans.&nbsp;&nbsp;&nbsp;<\/h4>\n\n\n\n<h2 class=\"wp-block-heading\"><strong>Le mus\u00e9e du Klingenthal<\/strong><\/h2>\n\n\n\n<figure class=\"wp-block-image is-resized\"><img decoding=\"async\" src=\"https:\/\/www.klingenthal.fr\/uploads\/2022\/02\/Cuirasse.jpg\" alt=\"Cuirasse Klingenthal\" style=\"width:434px;height:auto\"\/><\/figure>\n\n\n\n<p><\/p>\n\n\n\n<figure class=\"wp-block-audio\"><audio controls src=\"https:\/\/accent4.com\/preprod\/wp-content\/uploads\/2024\/03\/Le-Pass-Musee-a-Klingenthal.mp3\"><\/audio><figcaption class=\"wp-element-caption\">Marc ADOLF dans Tempo Matin au micro de Laurent GENVO<\/figcaption><\/figure>\n\n\n\n<figure class=\"wp-block-embed is-type-video is-provider-youtube wp-block-embed-youtube wp-embed-aspect-16-9 wp-has-aspect-ratio\"><div class=\"wp-block-embed__wrapper\">\n<div class=\"jeg_video_container jeg_video_content\"><iframe title=\"Klingenthal Maison de la Manufacture\" width=\"500\" height=\"281\" src=\"https:\/\/www.youtube.com\/embed\/Xx37L0odJp4?feature=oembed\" frameborder=\"0\" allow=\"accelerometer; autoplay; clipboard-write; encrypted-media; gyroscope; picture-in-picture; web-share\" referrerpolicy=\"strict-origin-when-cross-origin\" allowfullscreen><\/iframe><\/div>\n<\/div><\/figure>\n\n\n\n<p><\/p>\n\n\n\n<p><\/p>\n\n\n\n<h2 class=\"wp-block-heading\"><strong>Le Cartoonmuseum \u00e0 B\u00e2le <\/strong><\/h2>\n\n\n\n<p>Le<em> seul mus\u00e9e de Suisse se consacrant exclusivement \u00e0 l&rsquo;art de la satire \u2013 de la caricature \u00e0 la B.D. Le b\u00e2timent du type art flamboyant sis dans l&rsquo;une des rues historiques dissimule une construction moderne con\u00e7ue par les architectes Herzog &amp; de Meuron.<\/em><\/p>\n\n\n\n<figure class=\"wp-block-image size-large is-resized\"><img loading=\"lazy\" decoding=\"async\" width=\"685\" height=\"1024\" src=\"https:\/\/accent4.com\/preprod\/wp-content\/uploads\/2024\/01\/Musee_bale-685x1024.png\" alt=\"\" class=\"wp-image-7824\" style=\"width:204px;height:auto\" srcset=\"https:\/\/accent4.com\/preprod\/wp-content\/uploads\/2024\/01\/Musee_bale-685x1024.png 685w, https:\/\/accent4.com\/preprod\/wp-content\/uploads\/2024\/01\/Musee_bale-201x300.png 201w, https:\/\/accent4.com\/preprod\/wp-content\/uploads\/2024\/01\/Musee_bale-768x1148.png 768w, https:\/\/accent4.com\/preprod\/wp-content\/uploads\/2024\/01\/Musee_bale-750x1121.png 750w, https:\/\/accent4.com\/preprod\/wp-content\/uploads\/2024\/01\/Musee_bale.png 945w\" sizes=\"(max-width: 685px) 100vw, 685px\" \/><\/figure>\n\n\n\n<p>Depuis sa pr\u00e9-fondation en 1979 par Dieter Burckahrdt (1914-1991), l&rsquo;objectif du Museum Cartoon de B\u00e2le (nom officiel depuis 2009) est de stimuler la jeune cr\u00e9ation et de promouvoir l&rsquo;int\u00e9r\u00eat du public pour cet art qui porte les id\u00e9es.Ses collections rassemblent des originaux de caricatures, de dessins humoristiques et de bandes dessin\u00e9es de Jean-Maurice Bosc, Claire Bret\u00e9cher, Paul Flora, George Grosz, Olaf Gulbransson, Heinrich Kley, Loriot, H.G. Rauch, Ronald Searle, Jean-Jacques Semp\u00e9, Erich Sokol, Saul Steinberg, Tomi Ungerer&#8230; Soit pr\u00e8s de 3 400 \u0153uvres originales, compl\u00e9t\u00e9es par pr\u00e8s de 2000 \u0153uvres pr\u00eat\u00e9es. Elles ont \u00e9t\u00e9 r\u00e9alis\u00e9es d\u00e8s les ann\u00e9es 1900 et sont pr\u00e9sent\u00e9es selon une organisation th\u00e9matique (origine, technique utilis\u00e9e par l&rsquo;artiste&#8230;).<\/p>\n\n\n\n<p>Des expositions temporaires \u00e9labor\u00e9es de mani\u00e8re attrayante et traitant tous les th\u00e8mes de la politique et de soci\u00e9t\u00e9, pr\u00e9sentent le dessin humoristique dans tout l&rsquo;\u00e9ventail de cet art et dans toute sa diversit\u00e9. Les \u0153uvres classiques, notamment faisant partie de la propre collection de l&rsquo;\u00e9tablissement, y sont repr\u00e9sent\u00e9es au m\u00eame titre que les travaux contemporains.<\/p>\n\n\n\n<p><a href=\"https:\/\/accent4.com\/preprod\/gagnez-votre-pass-musee-2-7664\/\">Une autre d\u00e9couverte ICI <\/a><\/p>\n\n\n\n<h2 class=\"wp-block-heading\">A Nancy, d\u00e9couvrez une collection impressionnante d&rsquo;\u0153uvres du XIXe si\u00e8cle<\/h2>\n\n\n\n<p><em>Le Mus\u00e9e des Beaux-Arts de Nancy, joyau culturel nich\u00e9 au c\u0153ur de la Lorraine, offre aux visiteurs une exp\u00e9rience captivante \u00e0 travers les si\u00e8cles de l&rsquo;histoire de l&rsquo;art. Fond\u00e9 en 1793, le mus\u00e9e est abrit\u00e9 dans un \u00e9difice majestueux datant du XVIIIe si\u00e8cle, l&rsquo;H\u00f4tel de Ville, offrant ainsi un cadre exceptionnel pour explorer une riche collection d&rsquo;\u0153uvres d&rsquo;art.<\/em><\/p>\n\n\n\n<figure class=\"wp-block-image size-full\"><img loading=\"lazy\" decoding=\"async\" width=\"204\" height=\"247\" src=\"https:\/\/accent4.com\/preprod\/wp-content\/uploads\/2024\/01\/Musee_Nancy_1.jpg\" alt=\"\" class=\"wp-image-7750\"\/><figcaption class=\"wp-element-caption\">(C) Mus\u00e9e des Beaux Arts Nancy<\/figcaption><\/figure>\n\n\n\n<p>Les galeries du mus\u00e9e sont soigneusement organis\u00e9es pour pr\u00e9senter un voyage chronologique \u00e0 travers l&rsquo;histoire de l&rsquo;art europ\u00e9en, mettant en lumi\u00e8re des chefs-d&rsquo;\u0153uvre de diverses \u00e9poques et mouvements artistiques. Les visiteurs sont accueillis par une collection \u00e9blouissante de peintures, de sculptures et d&rsquo;arts d\u00e9coratifs qui refl\u00e8tent l&rsquo;\u00e9volution des go\u00fbts esth\u00e9tiques \u00e0 travers les si\u00e8cles.<\/p>\n\n\n\n<p>La Renaissance italienne est magnifiquement repr\u00e9sent\u00e9e avec des \u0153uvres majeures de Botticelli, L\u00e9onard de Vinci et Michel-Ange. Les passionn\u00e9s d&rsquo;art peuvent se d\u00e9lecter devant les d\u00e9tails exquis des tableaux de la p\u00e9riode baroque, incluant des toiles de Caravaggio et de Rembrandt. La richesse artistique du XVIIIe si\u00e8cle fran\u00e7ais est mise en lumi\u00e8re \u00e0 travers des \u0153uvres de Watteau, Fragonard et Greuze.<\/p>\n\n\n\n<p>Le mus\u00e9e abrite \u00e9galement <strong>une collection impressionnante d&rsquo;\u0153uvres du XIXe si\u00e8cle<\/strong>, illustrant les bouleversements artistiques li\u00e9s aux mouvements romantique, r\u00e9aliste et symboliste. Des chefs-d&rsquo;\u0153uvre de Delacroix, Courbet et Odilon Redon t\u00e9moignent de cette p\u00e9riode tumultueuse de l&rsquo;histoire de l&rsquo;art.<\/p>\n\n\n\n<figure class=\"wp-block-image size-full is-resized\"><img loading=\"lazy\" decoding=\"async\" width=\"900\" height=\"492\" src=\"https:\/\/accent4.com\/preprod\/wp-content\/uploads\/2024\/01\/Nancy_Musee_interieur.jpg\" alt=\"\" class=\"wp-image-7751\" style=\"width:487px;height:auto\" srcset=\"https:\/\/accent4.com\/preprod\/wp-content\/uploads\/2024\/01\/Nancy_Musee_interieur.jpg 900w, https:\/\/accent4.com\/preprod\/wp-content\/uploads\/2024\/01\/Nancy_Musee_interieur-300x164.jpg 300w, https:\/\/accent4.com\/preprod\/wp-content\/uploads\/2024\/01\/Nancy_Musee_interieur-768x420.jpg 768w, https:\/\/accent4.com\/preprod\/wp-content\/uploads\/2024\/01\/Nancy_Musee_interieur-750x410.jpg 750w\" sizes=\"(max-width: 900px) 100vw, 900px\" \/><figcaption class=\"wp-element-caption\">(C) Mus\u00e9e des Beaux Arts Nancy<\/figcaption><\/figure>\n\n\n\n<p>Les amateurs d&rsquo;art moderne ne seront pas en reste, avec une exposition dynamique couvrant le d\u00e9but du XXe si\u00e8cle jusqu&rsquo;aux mouvements contemporains. Les \u0153uvres de <strong>Picasso, Braque, Chagall <\/strong>et bien d&rsquo;autres illustrent l&rsquo;\u00e9mergence de l&rsquo;art moderne, tandis que des expositions temporaires mettent en avant des artistes contemporains innovants, faisant du mus\u00e9e un lieu vivant et en constante \u00e9volution.<\/p>\n\n\n\n<p>Au-del\u00e0 de la peinture et de la sculpture, le Mus\u00e9e des Beaux-Arts de Nancy poss\u00e8de <strong>une collection remarquable d&rsquo;arts d\u00e9coratifs<\/strong>, comprenant des meubles, des objets en porcelaine, des textiles et des arts appliqu\u00e9s. Ces tr\u00e9sors offrent un aper\u00e7u fascinant de la vie quotidienne \u00e0 travers les \u00e9poques, mettant en valeur l&rsquo;interaction entre l&rsquo;art et la soci\u00e9t\u00e9.<\/p>\n\n\n\n<p>L&rsquo;architecture m\u00eame du mus\u00e9e m\u00e9rite une attention particuli\u00e8re. L&rsquo;H\u00f4tel de Ville, \u00e9rig\u00e9 au XVIIIe si\u00e8cle, est un exemple splendide du style classique fran\u00e7ais. Les visiteurs peuvent fl\u00e2ner dans ses salles orn\u00e9es de dorures, de lustres somptueux et d&rsquo;\u00e9l\u00e9ments architecturaux finement travaill\u00e9s, ajoutant une dimension historique \u00e0 leur exploration artistique.<\/p>\n\n\n\n<p><a href=\"https:\/\/musee-des-beaux-arts.nancy.fr\/accueil\">Le Mus\u00e9e des Beaux-Arts de Nancy <\/a>n&rsquo;est pas seulement un lieu d&rsquo;exposition, mais aussi un centre culturel actif. Des conf\u00e9rences, des ateliers \u00e9ducatifs et des \u00e9v\u00e9nements sp\u00e9ciaux sont r\u00e9guli\u00e8rement organis\u00e9s pour engager le public et approfondir la compr\u00e9hension de l&rsquo;art. De plus, le mus\u00e9e s&rsquo;engage dans des initiatives de pr\u00e9servation et de restauration, veillant ainsi \u00e0 la conservation \u00e0 long terme de son pr\u00e9cieux patrimoine artistique.<\/p>\n\n\n\n<figure class=\"wp-block-image size-large is-resized\"><img loading=\"lazy\" decoding=\"async\" width=\"1024\" height=\"685\" src=\"https:\/\/accent4.com\/preprod\/wp-content\/uploads\/2024\/01\/Space_Room-1024x685.jpg\" alt=\"\" class=\"wp-image-7752\" style=\"width:516px;height:auto\" srcset=\"https:\/\/accent4.com\/preprod\/wp-content\/uploads\/2024\/01\/Space_Room-1024x685.jpg 1024w, https:\/\/accent4.com\/preprod\/wp-content\/uploads\/2024\/01\/Space_Room-300x201.jpg 300w, https:\/\/accent4.com\/preprod\/wp-content\/uploads\/2024\/01\/Space_Room-768x514.jpg 768w, https:\/\/accent4.com\/preprod\/wp-content\/uploads\/2024\/01\/Space_Room-750x502.jpg 750w, https:\/\/accent4.com\/preprod\/wp-content\/uploads\/2024\/01\/Space_Room-1140x763.jpg 1140w, https:\/\/accent4.com\/preprod\/wp-content\/uploads\/2024\/01\/Space_Room.jpg 1200w\" sizes=\"(max-width: 1024px) 100vw, 1024px\" \/><figcaption class=\"wp-element-caption\">(C) Mus\u00e9e des Beaux Arts Nancy Sapce Room <\/figcaption><\/figure>\n\n\n\n<p>En conclusion, le Mus\u00e9e des Beaux-Arts de Nancy est bien plus qu&rsquo;une simple collection d&rsquo;\u0153uvres d&rsquo;art. C&rsquo;est un voyage \u00e0 travers le temps et l&rsquo;esth\u00e9tique, un lieu o\u00f9 l&rsquo;histoire, la culture et la cr\u00e9ativit\u00e9 convergent pour offrir une exp\u00e9rience enrichissante \u00e0 tous les visiteurs. Que l&rsquo;on soit un amateur d&rsquo;art passionn\u00e9 ou un curieux en qu\u00eate de d\u00e9couvertes, ce mus\u00e9e exceptionnel saura captiver et inspirer.<\/p>\n\n\n\n<p><\/p>\n","protected":false},"excerpt":{"rendered":"<p>Avec le Pass Mus\u00e9e d\u00e9couvrez gratuitement 340 mus\u00e9es !<\/p>\n","protected":false},"author":4665,"featured_media":10319,"comment_status":"open","ping_status":"open","sticky":false,"template":"","format":"standard","meta":{"_monsterinsights_skip_tracking":false,"_monsterinsights_sitenote_active":false,"_monsterinsights_sitenote_note":"","_monsterinsights_sitenote_category":0,"_uf_show_specific_survey":0,"_uf_disable_surveys":false,"episode_type":"audio","audio_file":"","podmotor_file_id":"","podmotor_episode_id":"","cover_image":"","cover_image_id":"","duration":"","filesize":"","filesize_raw":"","date_recorded":"","explicit":"","block":"","itunes_episode_number":"","itunes_title":"","itunes_season_number":"","itunes_episode_type":"","jnews-multi-image_gallery":[],"jnews_single_post":{"subtitle":"","format":"standard","video":"","gallery":"","source_name":"","source_url":"","via_name":"","via_url":"","override_template":"0","override":[{"template":"1","single_blog_custom":"","parallax":"1","fullscreen":"1","layout":"right-sidebar","sidebar":"default-sidebar","second_sidebar":"default-sidebar","sticky_sidebar":"1","share_position":"top","share_float_style":"share-monocrhome","show_share_counter":"0","show_view_counter":"0","show_featured":"1","show_post_meta":"1","show_post_author":"0","show_post_author_image":"1","show_post_date":"1","post_date_format":"default","post_date_format_custom":"Y\/m\/d","show_post_category":"1","show_post_reading_time":"0","post_reading_time_wpm":"300","show_zoom_button":"0","zoom_button_out_step":"2","zoom_button_in_step":"3","show_post_tag":"1","show_prev_next_post":"0","show_popup_post":"0","number_popup_post":"1","show_author_box":"0","show_post_related":"1","show_inline_post_related":"0"}],"override_image_size":"0","image_override":[{"single_post_thumbnail_size":"crop-500","single_post_gallery_size":"crop-500"}],"trending_post":"0","trending_post_position":"meta","trending_post_label":"Trending","sponsored_post":"0","sponsored_post_label":"Sponsored by","sponsored_post_name":"","sponsored_post_url":"","sponsored_post_logo_enable":"0","sponsored_post_logo":"","sponsored_post_desc":"","disable_ad":"0"},"jnews_primary_category":{"id":"","hide":""},"jnews_override_counter":{"override_view_counter":"0","view_counter_number":"0","override_share_counter":"0","share_counter_number":"0","override_like_counter":"0","like_counter_number":"0","override_dislike_counter":"0","dislike_counter_number":"0"},"footnotes":""},"categories":[10],"tags":[],"series":[],"class_list":["post-7748","post","type-post","status-publish","format-standard","has-post-thumbnail","hentry","category-magazine"],"episode_featured_image":"https:\/\/accent4.com\/preprod\/wp-content\/uploads\/2024\/01\/04-1-scaled.jpg","episode_player_image":"https:\/\/accent4.com\/preprod\/wp-content\/uploads\/2024\/10\/Design-Accent-4-Basic-scaled.jpg","download_link":"","player_link":"","audio_player":false,"episode_data":{"playerMode":"dark","subscribeUrls":{"amazon":{"key":"amazon","url":"","label":"Amazon","class":"amazon","icon":"amazon.png"},"deezer":{"key":"deezer","url":"","label":"Deezer","class":"deezer","icon":"deezer.png"},"spotify":{"key":"spotify","url":"","label":"Spotify","class":"spotify","icon":"spotify.png"},"youtube":{"key":"youtube","url":"","label":"YouTube","class":"youtube","icon":"youtube.png"}},"rssFeedUrl":"https:\/\/accent4.com\/preprod\/feed\/podcast\/accent-4","embedCode":"<blockquote class=\"wp-embedded-content\" data-secret=\"nvnSOAfcwk\"><a href=\"https:\/\/accent4.com\/preprod\/avec-le-pass-musee-decouvrez-le-musee-des-beaux-arts-de-nancy-7748\/\">Gagnez le Pass Mus\u00e9e et d\u00e9couvrez gratuitement 340 mus\u00e9es !<\/a><\/blockquote><iframe sandbox=\"allow-scripts\" security=\"restricted\" src=\"https:\/\/accent4.com\/preprod\/avec-le-pass-musee-decouvrez-le-musee-des-beaux-arts-de-nancy-7748\/embed\/#?secret=nvnSOAfcwk\" width=\"500\" height=\"350\" title=\"\u00ab\u00a0Gagnez le Pass Mus\u00e9e et d\u00e9couvrez gratuitement 340 mus\u00e9es !\u00a0\u00bb &#8212; [PREPROD] Accent 4\" data-secret=\"nvnSOAfcwk\" frameborder=\"0\" marginwidth=\"0\" marginheight=\"0\" scrolling=\"no\" class=\"wp-embedded-content\"><\/iframe><script type=\"text\/javascript\">\n\/* <![CDATA[ *\/\n\/*! This file is auto-generated *\/\n!function(d,l){\"use strict\";l.querySelector&&d.addEventListener&&\"undefined\"!=typeof URL&&(d.wp=d.wp||{},d.wp.receiveEmbedMessage||(d.wp.receiveEmbedMessage=function(e){var t=e.data;if((t||t.secret||t.message||t.value)&&!\/[^a-zA-Z0-9]\/.test(t.secret)){for(var s,r,n,a=l.querySelectorAll('iframe[data-secret=\"'+t.secret+'\"]'),o=l.querySelectorAll('blockquote[data-secret=\"'+t.secret+'\"]'),c=new RegExp(\"^https?:$\",\"i\"),i=0;i<o.length;i++)o[i].style.display=\"none\";for(i=0;i<a.length;i++)s=a[i],e.source===s.contentWindow&&(s.removeAttribute(\"style\"),\"height\"===t.message?(1e3<(r=parseInt(t.value,10))?r=1e3:~~r<200&&(r=200),s.height=r):\"link\"===t.message&&(r=new URL(s.getAttribute(\"src\")),n=new URL(t.value),c.test(n.protocol))&&n.host===r.host&&l.activeElement===s&&(d.top.location.href=t.value))}},d.addEventListener(\"message\",d.wp.receiveEmbedMessage,!1),l.addEventListener(\"DOMContentLoaded\",function(){for(var e,t,s=l.querySelectorAll(\"iframe.wp-embedded-content\"),r=0;r<s.length;r++)(t=(e=s[r]).getAttribute(\"data-secret\"))||(t=Math.random().toString(36).substring(2,12),e.src+=\"#?secret=\"+t,e.setAttribute(\"data-secret\",t)),e.contentWindow.postMessage({message:\"ready\",secret:t},\"*\")},!1)))}(window,document);\n\/\/# sourceURL=https:\/\/accent4.com\/preprod\/wp-includes\/js\/wp-embed.min.js\n\/* ]]> *\/\n<\/script>\n"},"yoast_head":"<!-- This site is optimized with the Yoast SEO plugin v27.4 - https:\/\/yoast.com\/product\/yoast-seo-wordpress\/ -->\n<title>Gagnez le Pass Mus\u00e9e et d\u00e9couvrez gratuitement 340 mus\u00e9es ! &#8211; [PREPROD] Accent 4<\/title>\n<meta name=\"description\" content=\"Le Mus\u00e9e des Beaux-Arts de Nancy, joyau culturel nich\u00e9 au c\u0153ur de la Lorraine, offre aux visiteurs une exp\u00e9rience captivante \u00e0 travers les si\u00e8cles de l&#039;histoire de l&#039;art. Fond\u00e9 en 1793, le mus\u00e9e est abrit\u00e9 dans un \u00e9difice majestueux datant du XVIIIe si\u00e8cle, l&#039;H\u00f4tel de Ville, offrant ainsi un cadre exceptionnel pour explorer une riche collection d&#039;\u0153uvres d&#039;art.Les galeries du mus\u00e9e sont soigneusement organis\u00e9es pour pr\u00e9senter un voyage chronologique \u00e0 travers l&#039;histoire de l&#039;art europ\u00e9en, mettant en lumi\u00e8re des chefs-d&#039;\u0153uvre de diverses \u00e9poques et mouvements artistiques. Les visiteurs sont accueillis par une collection \u00e9blouissante de peintures, de sculptures et d&#039;arts d\u00e9coratifs qui refl\u00e8tent l&#039;\u00e9volution des go\u00fbts esth\u00e9tiques \u00e0 travers les si\u00e8cles.La Renaissance italienne est magnifiquement repr\u00e9sent\u00e9e avec des \u0153uvres majeures de Botticelli, L\u00e9onard de Vinci et Michel-Ange. Les passionn\u00e9s d&#039;art peuvent se d\u00e9lecter devant les d\u00e9tails exquis des tableaux de la p\u00e9riode baroque, incluant des toiles de Caravaggio et de Rembrandt. La richesse artistique du XVIIIe si\u00e8cle fran\u00e7ais est mise en lumi\u00e8re \u00e0 travers des \u0153uvres de Watteau, Fragonard et Greuze.Le mus\u00e9e abrite \u00e9galement une collection impressionnante d&#039;\u0153uvres du XIXe si\u00e8cle, illustrant les bouleversements artistiques li\u00e9s aux mouvements romantique, r\u00e9aliste et symboliste. Des chefs-d&#039;\u0153uvre de Delacroix, Courbet et Odilon Redon t\u00e9moignent de cette p\u00e9riode tumultueuse de l&#039;histoire de l&#039;art.\" \/>\n<meta name=\"robots\" content=\"index, follow, max-snippet:-1, max-image-preview:large, max-video-preview:-1\" \/>\n<link rel=\"canonical\" href=\"https:\/\/accent4.com\/preprod\/avec-le-pass-musee-decouvrez-le-musee-des-beaux-arts-de-nancy-7748\/\" \/>\n<meta property=\"og:locale\" content=\"fr_FR\" \/>\n<meta property=\"og:type\" content=\"article\" \/>\n<meta property=\"og:title\" content=\"Gagnez le Pass Mus\u00e9e et d\u00e9couvrez gratuitement 340 mus\u00e9es ! &#8211; [PREPROD] Accent 4\" \/>\n<meta property=\"og:description\" content=\"Le Mus\u00e9e des Beaux-Arts de Nancy, joyau culturel nich\u00e9 au c\u0153ur de la Lorraine, offre aux visiteurs une exp\u00e9rience captivante \u00e0 travers les si\u00e8cles de l&#039;histoire de l&#039;art. Fond\u00e9 en 1793, le mus\u00e9e est abrit\u00e9 dans un \u00e9difice majestueux datant du XVIIIe si\u00e8cle, l&#039;H\u00f4tel de Ville, offrant ainsi un cadre exceptionnel pour explorer une riche collection d&#039;\u0153uvres d&#039;art.Les galeries du mus\u00e9e sont soigneusement organis\u00e9es pour pr\u00e9senter un voyage chronologique \u00e0 travers l&#039;histoire de l&#039;art europ\u00e9en, mettant en lumi\u00e8re des chefs-d&#039;\u0153uvre de diverses \u00e9poques et mouvements artistiques. Les visiteurs sont accueillis par une collection \u00e9blouissante de peintures, de sculptures et d&#039;arts d\u00e9coratifs qui refl\u00e8tent l&#039;\u00e9volution des go\u00fbts esth\u00e9tiques \u00e0 travers les si\u00e8cles.La Renaissance italienne est magnifiquement repr\u00e9sent\u00e9e avec des \u0153uvres majeures de Botticelli, L\u00e9onard de Vinci et Michel-Ange. Les passionn\u00e9s d&#039;art peuvent se d\u00e9lecter devant les d\u00e9tails exquis des tableaux de la p\u00e9riode baroque, incluant des toiles de Caravaggio et de Rembrandt. La richesse artistique du XVIIIe si\u00e8cle fran\u00e7ais est mise en lumi\u00e8re \u00e0 travers des \u0153uvres de Watteau, Fragonard et Greuze.Le mus\u00e9e abrite \u00e9galement une collection impressionnante d&#039;\u0153uvres du XIXe si\u00e8cle, illustrant les bouleversements artistiques li\u00e9s aux mouvements romantique, r\u00e9aliste et symboliste. Des chefs-d&#039;\u0153uvre de Delacroix, Courbet et Odilon Redon t\u00e9moignent de cette p\u00e9riode tumultueuse de l&#039;histoire de l&#039;art.\" \/>\n<meta property=\"og:url\" content=\"https:\/\/accent4.com\/preprod\/avec-le-pass-musee-decouvrez-le-musee-des-beaux-arts-de-nancy-7748\/\" \/>\n<meta property=\"og:site_name\" content=\"[PREPROD] Accent 4\" \/>\n<meta property=\"article:publisher\" content=\"https:\/\/www.facebook.com\/Accent4\/\" \/>\n<meta property=\"article:published_time\" content=\"2024-01-05T19:48:44+00:00\" \/>\n<meta property=\"article:modified_time\" content=\"2024-11-01T18:21:42+00:00\" \/>\n<meta property=\"og:image\" content=\"https:\/\/accent4.com\/preprod\/wp-content\/uploads\/2024\/01\/04-1-scaled.jpg\" \/>\n\t<meta property=\"og:image:width\" content=\"2560\" \/>\n\t<meta property=\"og:image:height\" content=\"1702\" \/>\n\t<meta property=\"og:image:type\" content=\"image\/jpeg\" \/>\n<meta name=\"author\" content=\"Laurent Genvo\" \/>\n<meta name=\"twitter:card\" content=\"summary_large_image\" \/>\n<meta name=\"twitter:label1\" content=\"\u00c9crit par\" \/>\n\t<meta name=\"twitter:data1\" content=\"Laurent Genvo\" \/>\n\t<meta name=\"twitter:label2\" content=\"Dur\u00e9e de lecture estim\u00e9e\" \/>\n\t<meta name=\"twitter:data2\" content=\"18 minutes\" \/>\n<script type=\"application\/ld+json\" class=\"yoast-schema-graph\">{\"@context\":\"https:\\\/\\\/schema.org\",\"@graph\":[{\"@type\":\"Article\",\"@id\":\"https:\\\/\\\/accent4.com\\\/preprod\\\/avec-le-pass-musee-decouvrez-le-musee-des-beaux-arts-de-nancy-7748\\\/#article\",\"isPartOf\":{\"@id\":\"https:\\\/\\\/accent4.com\\\/preprod\\\/avec-le-pass-musee-decouvrez-le-musee-des-beaux-arts-de-nancy-7748\\\/\"},\"author\":{\"name\":\"Laurent Genvo\",\"@id\":\"https:\\\/\\\/accent4.com\\\/preprod\\\/#\\\/schema\\\/person\\\/37b66734b80c582879a1aa2721708855\"},\"headline\":\"Gagnez le Pass Mus\u00e9e et d\u00e9couvrez gratuitement 340 mus\u00e9es !\",\"datePublished\":\"2024-01-05T19:48:44+00:00\",\"dateModified\":\"2024-11-01T18:21:42+00:00\",\"mainEntityOfPage\":{\"@id\":\"https:\\\/\\\/accent4.com\\\/preprod\\\/avec-le-pass-musee-decouvrez-le-musee-des-beaux-arts-de-nancy-7748\\\/\"},\"wordCount\":3317,\"commentCount\":11,\"publisher\":{\"@id\":\"https:\\\/\\\/accent4.com\\\/preprod\\\/#organization\"},\"image\":{\"@id\":\"https:\\\/\\\/accent4.com\\\/preprod\\\/avec-le-pass-musee-decouvrez-le-musee-des-beaux-arts-de-nancy-7748\\\/#primaryimage\"},\"thumbnailUrl\":\"https:\\\/\\\/accent4.com\\\/preprod\\\/wp-content\\\/uploads\\\/2024\\\/01\\\/04-1-scaled.jpg\",\"articleSection\":[\"Magazine\"],\"inLanguage\":\"fr-FR\",\"potentialAction\":[{\"@type\":\"CommentAction\",\"name\":\"Comment\",\"target\":[\"https:\\\/\\\/accent4.com\\\/preprod\\\/avec-le-pass-musee-decouvrez-le-musee-des-beaux-arts-de-nancy-7748\\\/#respond\"]}]},{\"@type\":\"WebPage\",\"@id\":\"https:\\\/\\\/accent4.com\\\/preprod\\\/avec-le-pass-musee-decouvrez-le-musee-des-beaux-arts-de-nancy-7748\\\/\",\"url\":\"https:\\\/\\\/accent4.com\\\/preprod\\\/avec-le-pass-musee-decouvrez-le-musee-des-beaux-arts-de-nancy-7748\\\/\",\"name\":\"Gagnez le Pass Mus\u00e9e et d\u00e9couvrez gratuitement 340 mus\u00e9es ! &#8211; [PREPROD] Accent 4\",\"isPartOf\":{\"@id\":\"https:\\\/\\\/accent4.com\\\/preprod\\\/#website\"},\"primaryImageOfPage\":{\"@id\":\"https:\\\/\\\/accent4.com\\\/preprod\\\/avec-le-pass-musee-decouvrez-le-musee-des-beaux-arts-de-nancy-7748\\\/#primaryimage\"},\"image\":{\"@id\":\"https:\\\/\\\/accent4.com\\\/preprod\\\/avec-le-pass-musee-decouvrez-le-musee-des-beaux-arts-de-nancy-7748\\\/#primaryimage\"},\"thumbnailUrl\":\"https:\\\/\\\/accent4.com\\\/preprod\\\/wp-content\\\/uploads\\\/2024\\\/01\\\/04-1-scaled.jpg\",\"datePublished\":\"2024-01-05T19:48:44+00:00\",\"dateModified\":\"2024-11-01T18:21:42+00:00\",\"description\":\"Le Mus\u00e9e des Beaux-Arts de Nancy, joyau culturel nich\u00e9 au c\u0153ur de la Lorraine, offre aux visiteurs une exp\u00e9rience captivante \u00e0 travers les si\u00e8cles de l'histoire de l'art. Fond\u00e9 en 1793, le mus\u00e9e est abrit\u00e9 dans un \u00e9difice majestueux datant du XVIIIe si\u00e8cle, l'H\u00f4tel de Ville, offrant ainsi un cadre exceptionnel pour explorer une riche collection d'\u0153uvres d'art.Les galeries du mus\u00e9e sont soigneusement organis\u00e9es pour pr\u00e9senter un voyage chronologique \u00e0 travers l'histoire de l'art europ\u00e9en, mettant en lumi\u00e8re des chefs-d'\u0153uvre de diverses \u00e9poques et mouvements artistiques. Les visiteurs sont accueillis par une collection \u00e9blouissante de peintures, de sculptures et d'arts d\u00e9coratifs qui refl\u00e8tent l'\u00e9volution des go\u00fbts esth\u00e9tiques \u00e0 travers les si\u00e8cles.La Renaissance italienne est magnifiquement repr\u00e9sent\u00e9e avec des \u0153uvres majeures de Botticelli, L\u00e9onard de Vinci et Michel-Ange. Les passionn\u00e9s d'art peuvent se d\u00e9lecter devant les d\u00e9tails exquis des tableaux de la p\u00e9riode baroque, incluant des toiles de Caravaggio et de Rembrandt. La richesse artistique du XVIIIe si\u00e8cle fran\u00e7ais est mise en lumi\u00e8re \u00e0 travers des \u0153uvres de Watteau, Fragonard et Greuze.Le mus\u00e9e abrite \u00e9galement une collection impressionnante d'\u0153uvres du XIXe si\u00e8cle, illustrant les bouleversements artistiques li\u00e9s aux mouvements romantique, r\u00e9aliste et symboliste. Des chefs-d'\u0153uvre de Delacroix, Courbet et Odilon Redon t\u00e9moignent de cette p\u00e9riode tumultueuse de l'histoire de l'art.\",\"breadcrumb\":{\"@id\":\"https:\\\/\\\/accent4.com\\\/preprod\\\/avec-le-pass-musee-decouvrez-le-musee-des-beaux-arts-de-nancy-7748\\\/#breadcrumb\"},\"inLanguage\":\"fr-FR\",\"potentialAction\":[{\"@type\":\"ReadAction\",\"target\":[\"https:\\\/\\\/accent4.com\\\/preprod\\\/avec-le-pass-musee-decouvrez-le-musee-des-beaux-arts-de-nancy-7748\\\/\"]}]},{\"@type\":\"ImageObject\",\"inLanguage\":\"fr-FR\",\"@id\":\"https:\\\/\\\/accent4.com\\\/preprod\\\/avec-le-pass-musee-decouvrez-le-musee-des-beaux-arts-de-nancy-7748\\\/#primaryimage\",\"url\":\"https:\\\/\\\/accent4.com\\\/preprod\\\/wp-content\\\/uploads\\\/2024\\\/01\\\/04-1-scaled.jpg\",\"contentUrl\":\"https:\\\/\\\/accent4.com\\\/preprod\\\/wp-content\\\/uploads\\\/2024\\\/01\\\/04-1-scaled.jpg\",\"width\":2560,\"height\":1702},{\"@type\":\"BreadcrumbList\",\"@id\":\"https:\\\/\\\/accent4.com\\\/preprod\\\/avec-le-pass-musee-decouvrez-le-musee-des-beaux-arts-de-nancy-7748\\\/#breadcrumb\",\"itemListElement\":[{\"@type\":\"ListItem\",\"position\":1,\"name\":\"Home\",\"item\":\"https:\\\/\\\/accent4.com\\\/preprod\\\/\"},{\"@type\":\"ListItem\",\"position\":2,\"name\":\"Gagnez le Pass Mus\u00e9e et d\u00e9couvrez gratuitement 340 mus\u00e9es !\"}]},{\"@type\":\"WebSite\",\"@id\":\"https:\\\/\\\/accent4.com\\\/preprod\\\/#website\",\"url\":\"https:\\\/\\\/accent4.com\\\/preprod\\\/\",\"name\":\"Accent 4 - L'instant classique - Radio\",\"description\":\"L&#039;instant classique\",\"publisher\":{\"@id\":\"https:\\\/\\\/accent4.com\\\/preprod\\\/#organization\"},\"potentialAction\":[{\"@type\":\"SearchAction\",\"target\":{\"@type\":\"EntryPoint\",\"urlTemplate\":\"https:\\\/\\\/accent4.com\\\/preprod\\\/?s={search_term_string}\"},\"query-input\":{\"@type\":\"PropertyValueSpecification\",\"valueRequired\":true,\"valueName\":\"search_term_string\"}}],\"inLanguage\":\"fr-FR\"},{\"@type\":\"Organization\",\"@id\":\"https:\\\/\\\/accent4.com\\\/preprod\\\/#organization\",\"name\":\"Accent 4\",\"url\":\"https:\\\/\\\/accent4.com\\\/preprod\\\/\",\"logo\":{\"@type\":\"ImageObject\",\"inLanguage\":\"fr-FR\",\"@id\":\"https:\\\/\\\/accent4.com\\\/preprod\\\/#\\\/schema\\\/logo\\\/image\\\/\",\"url\":\"https:\\\/\\\/accent4.com\\\/preprod\\\/wp-content\\\/uploads\\\/2019\\\/07\\\/cropped-logo-white.png\",\"contentUrl\":\"https:\\\/\\\/accent4.com\\\/preprod\\\/wp-content\\\/uploads\\\/2019\\\/07\\\/cropped-logo-white.png\",\"width\":512,\"height\":512,\"caption\":\"Accent 4\"},\"image\":{\"@id\":\"https:\\\/\\\/accent4.com\\\/preprod\\\/#\\\/schema\\\/logo\\\/image\\\/\"},\"sameAs\":[\"https:\\\/\\\/www.facebook.com\\\/Accent4\\\/\",\"https:\\\/\\\/www.instagram.com\\\/radioaccent4\\\/\"]},{\"@type\":\"Person\",\"@id\":\"https:\\\/\\\/accent4.com\\\/preprod\\\/#\\\/schema\\\/person\\\/37b66734b80c582879a1aa2721708855\",\"name\":\"Laurent Genvo\",\"image\":{\"@type\":\"ImageObject\",\"inLanguage\":\"fr-FR\",\"@id\":\"https:\\\/\\\/secure.gravatar.com\\\/avatar\\\/9295273e6496b99648d0ecf39a2c1e01dddc859bee83e02e48b12aa2779f33bd?s=96&d=mm&r=g\",\"url\":\"https:\\\/\\\/secure.gravatar.com\\\/avatar\\\/9295273e6496b99648d0ecf39a2c1e01dddc859bee83e02e48b12aa2779f33bd?s=96&d=mm&r=g\",\"contentUrl\":\"https:\\\/\\\/secure.gravatar.com\\\/avatar\\\/9295273e6496b99648d0ecf39a2c1e01dddc859bee83e02e48b12aa2779f33bd?s=96&d=mm&r=g\",\"caption\":\"Laurent Genvo\"}}]}<\/script>\n<!-- \/ Yoast SEO plugin. -->","yoast_head_json":{"title":"Gagnez le Pass Mus\u00e9e et d\u00e9couvrez gratuitement 340 mus\u00e9es ! &#8211; [PREPROD] Accent 4","description":"Le Mus\u00e9e des Beaux-Arts de Nancy, joyau culturel nich\u00e9 au c\u0153ur de la Lorraine, offre aux visiteurs une exp\u00e9rience captivante \u00e0 travers les si\u00e8cles de l'histoire de l'art. Fond\u00e9 en 1793, le mus\u00e9e est abrit\u00e9 dans un \u00e9difice majestueux datant du XVIIIe si\u00e8cle, l'H\u00f4tel de Ville, offrant ainsi un cadre exceptionnel pour explorer une riche collection d'\u0153uvres d'art.Les galeries du mus\u00e9e sont soigneusement organis\u00e9es pour pr\u00e9senter un voyage chronologique \u00e0 travers l'histoire de l'art europ\u00e9en, mettant en lumi\u00e8re des chefs-d'\u0153uvre de diverses \u00e9poques et mouvements artistiques. Les visiteurs sont accueillis par une collection \u00e9blouissante de peintures, de sculptures et d'arts d\u00e9coratifs qui refl\u00e8tent l'\u00e9volution des go\u00fbts esth\u00e9tiques \u00e0 travers les si\u00e8cles.La Renaissance italienne est magnifiquement repr\u00e9sent\u00e9e avec des \u0153uvres majeures de Botticelli, L\u00e9onard de Vinci et Michel-Ange. Les passionn\u00e9s d'art peuvent se d\u00e9lecter devant les d\u00e9tails exquis des tableaux de la p\u00e9riode baroque, incluant des toiles de Caravaggio et de Rembrandt. La richesse artistique du XVIIIe si\u00e8cle fran\u00e7ais est mise en lumi\u00e8re \u00e0 travers des \u0153uvres de Watteau, Fragonard et Greuze.Le mus\u00e9e abrite \u00e9galement une collection impressionnante d'\u0153uvres du XIXe si\u00e8cle, illustrant les bouleversements artistiques li\u00e9s aux mouvements romantique, r\u00e9aliste et symboliste. Des chefs-d'\u0153uvre de Delacroix, Courbet et Odilon Redon t\u00e9moignent de cette p\u00e9riode tumultueuse de l'histoire de l'art.","robots":{"index":"index","follow":"follow","max-snippet":"max-snippet:-1","max-image-preview":"max-image-preview:large","max-video-preview":"max-video-preview:-1"},"canonical":"https:\/\/accent4.com\/preprod\/avec-le-pass-musee-decouvrez-le-musee-des-beaux-arts-de-nancy-7748\/","og_locale":"fr_FR","og_type":"article","og_title":"Gagnez le Pass Mus\u00e9e et d\u00e9couvrez gratuitement 340 mus\u00e9es ! &#8211; [PREPROD] Accent 4","og_description":"Le Mus\u00e9e des Beaux-Arts de Nancy, joyau culturel nich\u00e9 au c\u0153ur de la Lorraine, offre aux visiteurs une exp\u00e9rience captivante \u00e0 travers les si\u00e8cles de l'histoire de l'art. Fond\u00e9 en 1793, le mus\u00e9e est abrit\u00e9 dans un \u00e9difice majestueux datant du XVIIIe si\u00e8cle, l'H\u00f4tel de Ville, offrant ainsi un cadre exceptionnel pour explorer une riche collection d'\u0153uvres d'art.Les galeries du mus\u00e9e sont soigneusement organis\u00e9es pour pr\u00e9senter un voyage chronologique \u00e0 travers l'histoire de l'art europ\u00e9en, mettant en lumi\u00e8re des chefs-d'\u0153uvre de diverses \u00e9poques et mouvements artistiques. Les visiteurs sont accueillis par une collection \u00e9blouissante de peintures, de sculptures et d'arts d\u00e9coratifs qui refl\u00e8tent l'\u00e9volution des go\u00fbts esth\u00e9tiques \u00e0 travers les si\u00e8cles.La Renaissance italienne est magnifiquement repr\u00e9sent\u00e9e avec des \u0153uvres majeures de Botticelli, L\u00e9onard de Vinci et Michel-Ange. Les passionn\u00e9s d'art peuvent se d\u00e9lecter devant les d\u00e9tails exquis des tableaux de la p\u00e9riode baroque, incluant des toiles de Caravaggio et de Rembrandt. La richesse artistique du XVIIIe si\u00e8cle fran\u00e7ais est mise en lumi\u00e8re \u00e0 travers des \u0153uvres de Watteau, Fragonard et Greuze.Le mus\u00e9e abrite \u00e9galement une collection impressionnante d'\u0153uvres du XIXe si\u00e8cle, illustrant les bouleversements artistiques li\u00e9s aux mouvements romantique, r\u00e9aliste et symboliste. Des chefs-d'\u0153uvre de Delacroix, Courbet et Odilon Redon t\u00e9moignent de cette p\u00e9riode tumultueuse de l'histoire de l'art.","og_url":"https:\/\/accent4.com\/preprod\/avec-le-pass-musee-decouvrez-le-musee-des-beaux-arts-de-nancy-7748\/","og_site_name":"[PREPROD] Accent 4","article_publisher":"https:\/\/www.facebook.com\/Accent4\/","article_published_time":"2024-01-05T19:48:44+00:00","article_modified_time":"2024-11-01T18:21:42+00:00","og_image":[{"width":2560,"height":1702,"url":"https:\/\/accent4.com\/preprod\/wp-content\/uploads\/2024\/01\/04-1-scaled.jpg","type":"image\/jpeg"}],"author":"Laurent Genvo","twitter_card":"summary_large_image","twitter_misc":{"\u00c9crit par":"Laurent Genvo","Dur\u00e9e de lecture estim\u00e9e":"18 minutes"},"schema":{"@context":"https:\/\/schema.org","@graph":[{"@type":"Article","@id":"https:\/\/accent4.com\/preprod\/avec-le-pass-musee-decouvrez-le-musee-des-beaux-arts-de-nancy-7748\/#article","isPartOf":{"@id":"https:\/\/accent4.com\/preprod\/avec-le-pass-musee-decouvrez-le-musee-des-beaux-arts-de-nancy-7748\/"},"author":{"name":"Laurent Genvo","@id":"https:\/\/accent4.com\/preprod\/#\/schema\/person\/37b66734b80c582879a1aa2721708855"},"headline":"Gagnez le Pass Mus\u00e9e et d\u00e9couvrez gratuitement 340 mus\u00e9es !","datePublished":"2024-01-05T19:48:44+00:00","dateModified":"2024-11-01T18:21:42+00:00","mainEntityOfPage":{"@id":"https:\/\/accent4.com\/preprod\/avec-le-pass-musee-decouvrez-le-musee-des-beaux-arts-de-nancy-7748\/"},"wordCount":3317,"commentCount":11,"publisher":{"@id":"https:\/\/accent4.com\/preprod\/#organization"},"image":{"@id":"https:\/\/accent4.com\/preprod\/avec-le-pass-musee-decouvrez-le-musee-des-beaux-arts-de-nancy-7748\/#primaryimage"},"thumbnailUrl":"https:\/\/accent4.com\/preprod\/wp-content\/uploads\/2024\/01\/04-1-scaled.jpg","articleSection":["Magazine"],"inLanguage":"fr-FR","potentialAction":[{"@type":"CommentAction","name":"Comment","target":["https:\/\/accent4.com\/preprod\/avec-le-pass-musee-decouvrez-le-musee-des-beaux-arts-de-nancy-7748\/#respond"]}]},{"@type":"WebPage","@id":"https:\/\/accent4.com\/preprod\/avec-le-pass-musee-decouvrez-le-musee-des-beaux-arts-de-nancy-7748\/","url":"https:\/\/accent4.com\/preprod\/avec-le-pass-musee-decouvrez-le-musee-des-beaux-arts-de-nancy-7748\/","name":"Gagnez le Pass Mus\u00e9e et d\u00e9couvrez gratuitement 340 mus\u00e9es ! &#8211; [PREPROD] Accent 4","isPartOf":{"@id":"https:\/\/accent4.com\/preprod\/#website"},"primaryImageOfPage":{"@id":"https:\/\/accent4.com\/preprod\/avec-le-pass-musee-decouvrez-le-musee-des-beaux-arts-de-nancy-7748\/#primaryimage"},"image":{"@id":"https:\/\/accent4.com\/preprod\/avec-le-pass-musee-decouvrez-le-musee-des-beaux-arts-de-nancy-7748\/#primaryimage"},"thumbnailUrl":"https:\/\/accent4.com\/preprod\/wp-content\/uploads\/2024\/01\/04-1-scaled.jpg","datePublished":"2024-01-05T19:48:44+00:00","dateModified":"2024-11-01T18:21:42+00:00","description":"Le Mus\u00e9e des Beaux-Arts de Nancy, joyau culturel nich\u00e9 au c\u0153ur de la Lorraine, offre aux visiteurs une exp\u00e9rience captivante \u00e0 travers les si\u00e8cles de l'histoire de l'art. Fond\u00e9 en 1793, le mus\u00e9e est abrit\u00e9 dans un \u00e9difice majestueux datant du XVIIIe si\u00e8cle, l'H\u00f4tel de Ville, offrant ainsi un cadre exceptionnel pour explorer une riche collection d'\u0153uvres d'art.Les galeries du mus\u00e9e sont soigneusement organis\u00e9es pour pr\u00e9senter un voyage chronologique \u00e0 travers l'histoire de l'art europ\u00e9en, mettant en lumi\u00e8re des chefs-d'\u0153uvre de diverses \u00e9poques et mouvements artistiques. Les visiteurs sont accueillis par une collection \u00e9blouissante de peintures, de sculptures et d'arts d\u00e9coratifs qui refl\u00e8tent l'\u00e9volution des go\u00fbts esth\u00e9tiques \u00e0 travers les si\u00e8cles.La Renaissance italienne est magnifiquement repr\u00e9sent\u00e9e avec des \u0153uvres majeures de Botticelli, L\u00e9onard de Vinci et Michel-Ange. Les passionn\u00e9s d'art peuvent se d\u00e9lecter devant les d\u00e9tails exquis des tableaux de la p\u00e9riode baroque, incluant des toiles de Caravaggio et de Rembrandt. La richesse artistique du XVIIIe si\u00e8cle fran\u00e7ais est mise en lumi\u00e8re \u00e0 travers des \u0153uvres de Watteau, Fragonard et Greuze.Le mus\u00e9e abrite \u00e9galement une collection impressionnante d'\u0153uvres du XIXe si\u00e8cle, illustrant les bouleversements artistiques li\u00e9s aux mouvements romantique, r\u00e9aliste et symboliste. Des chefs-d'\u0153uvre de Delacroix, Courbet et Odilon Redon t\u00e9moignent de cette p\u00e9riode tumultueuse de l'histoire de l'art.","breadcrumb":{"@id":"https:\/\/accent4.com\/preprod\/avec-le-pass-musee-decouvrez-le-musee-des-beaux-arts-de-nancy-7748\/#breadcrumb"},"inLanguage":"fr-FR","potentialAction":[{"@type":"ReadAction","target":["https:\/\/accent4.com\/preprod\/avec-le-pass-musee-decouvrez-le-musee-des-beaux-arts-de-nancy-7748\/"]}]},{"@type":"ImageObject","inLanguage":"fr-FR","@id":"https:\/\/accent4.com\/preprod\/avec-le-pass-musee-decouvrez-le-musee-des-beaux-arts-de-nancy-7748\/#primaryimage","url":"https:\/\/accent4.com\/preprod\/wp-content\/uploads\/2024\/01\/04-1-scaled.jpg","contentUrl":"https:\/\/accent4.com\/preprod\/wp-content\/uploads\/2024\/01\/04-1-scaled.jpg","width":2560,"height":1702},{"@type":"BreadcrumbList","@id":"https:\/\/accent4.com\/preprod\/avec-le-pass-musee-decouvrez-le-musee-des-beaux-arts-de-nancy-7748\/#breadcrumb","itemListElement":[{"@type":"ListItem","position":1,"name":"Home","item":"https:\/\/accent4.com\/preprod\/"},{"@type":"ListItem","position":2,"name":"Gagnez le Pass Mus\u00e9e et d\u00e9couvrez gratuitement 340 mus\u00e9es !"}]},{"@type":"WebSite","@id":"https:\/\/accent4.com\/preprod\/#website","url":"https:\/\/accent4.com\/preprod\/","name":"Accent 4 - L'instant classique - Radio","description":"L&#039;instant classique","publisher":{"@id":"https:\/\/accent4.com\/preprod\/#organization"},"potentialAction":[{"@type":"SearchAction","target":{"@type":"EntryPoint","urlTemplate":"https:\/\/accent4.com\/preprod\/?s={search_term_string}"},"query-input":{"@type":"PropertyValueSpecification","valueRequired":true,"valueName":"search_term_string"}}],"inLanguage":"fr-FR"},{"@type":"Organization","@id":"https:\/\/accent4.com\/preprod\/#organization","name":"Accent 4","url":"https:\/\/accent4.com\/preprod\/","logo":{"@type":"ImageObject","inLanguage":"fr-FR","@id":"https:\/\/accent4.com\/preprod\/#\/schema\/logo\/image\/","url":"https:\/\/accent4.com\/preprod\/wp-content\/uploads\/2019\/07\/cropped-logo-white.png","contentUrl":"https:\/\/accent4.com\/preprod\/wp-content\/uploads\/2019\/07\/cropped-logo-white.png","width":512,"height":512,"caption":"Accent 4"},"image":{"@id":"https:\/\/accent4.com\/preprod\/#\/schema\/logo\/image\/"},"sameAs":["https:\/\/www.facebook.com\/Accent4\/","https:\/\/www.instagram.com\/radioaccent4\/"]},{"@type":"Person","@id":"https:\/\/accent4.com\/preprod\/#\/schema\/person\/37b66734b80c582879a1aa2721708855","name":"Laurent Genvo","image":{"@type":"ImageObject","inLanguage":"fr-FR","@id":"https:\/\/secure.gravatar.com\/avatar\/9295273e6496b99648d0ecf39a2c1e01dddc859bee83e02e48b12aa2779f33bd?s=96&d=mm&r=g","url":"https:\/\/secure.gravatar.com\/avatar\/9295273e6496b99648d0ecf39a2c1e01dddc859bee83e02e48b12aa2779f33bd?s=96&d=mm&r=g","contentUrl":"https:\/\/secure.gravatar.com\/avatar\/9295273e6496b99648d0ecf39a2c1e01dddc859bee83e02e48b12aa2779f33bd?s=96&d=mm&r=g","caption":"Laurent Genvo"}}]}},"amp_enabled":true,"_links":{"self":[{"href":"https:\/\/accent4.com\/preprod\/wp-json\/wp\/v2\/posts\/7748","targetHints":{"allow":["GET"]}}],"collection":[{"href":"https:\/\/accent4.com\/preprod\/wp-json\/wp\/v2\/posts"}],"about":[{"href":"https:\/\/accent4.com\/preprod\/wp-json\/wp\/v2\/types\/post"}],"author":[{"embeddable":true,"href":"https:\/\/accent4.com\/preprod\/wp-json\/wp\/v2\/users\/4665"}],"replies":[{"embeddable":true,"href":"https:\/\/accent4.com\/preprod\/wp-json\/wp\/v2\/comments?post=7748"}],"version-history":[{"count":0,"href":"https:\/\/accent4.com\/preprod\/wp-json\/wp\/v2\/posts\/7748\/revisions"}],"wp:featuredmedia":[{"embeddable":true,"href":"https:\/\/accent4.com\/preprod\/wp-json\/wp\/v2\/media\/10319"}],"wp:attachment":[{"href":"https:\/\/accent4.com\/preprod\/wp-json\/wp\/v2\/media?parent=7748"}],"wp:term":[{"taxonomy":"category","embeddable":true,"href":"https:\/\/accent4.com\/preprod\/wp-json\/wp\/v2\/categories?post=7748"},{"taxonomy":"post_tag","embeddable":true,"href":"https:\/\/accent4.com\/preprod\/wp-json\/wp\/v2\/tags?post=7748"},{"taxonomy":"series","embeddable":true,"href":"https:\/\/accent4.com\/preprod\/wp-json\/wp\/v2\/series?post=7748"}],"curies":[{"name":"wp","href":"https:\/\/api.w.org\/{rel}","templated":true}]}}