{"id":7920,"date":"2024-01-20T12:12:00","date_gmt":"2024-01-20T11:12:00","guid":{"rendered":"https:\/\/accent4.com\/preprod\/?p=7920"},"modified":"2024-01-20T12:12:01","modified_gmt":"2024-01-20T11:12:01","slug":"le-liechtenstein-a-saint-guillaume-des-etoiles-dans-les-yeux","status":"publish","type":"post","link":"https:\/\/accent4.com\/preprod\/le-liechtenstein-a-saint-guillaume-des-etoiles-dans-les-yeux-7920\/","title":{"rendered":"Le Liechtenstein \u00e0 Saint-Guillaume, des \u00e9toiles dans les yeux\u2026"},"content":{"rendered":"","protected":false},"excerpt":{"rendered":"","protected":false},"author":4665,"featured_media":0,"comment_status":"open","ping_status":"open","sticky":false,"template":"","format":"standard","meta":{"_monsterinsights_skip_tracking":false,"_monsterinsights_sitenote_active":false,"_monsterinsights_sitenote_note":"","_monsterinsights_sitenote_category":0,"_uf_show_specific_survey":0,"_uf_disable_surveys":false,"episode_type":"audio","audio_file":"","podmotor_file_id":"","podmotor_episode_id":"","cover_image":"","cover_image_id":"","duration":"","filesize":"","filesize_raw":"","date_recorded":"","explicit":"","block":"","itunes_episode_number":"","itunes_title":"","itunes_season_number":"","itunes_episode_type":"","jnews-multi-image_gallery":[],"jnews_single_post":{"subtitle":"","format":"standard","video":"","gallery":"","source_name":"","source_url":"","via_name":"","via_url":"","override_template":"0","override":[{"template":"1","single_blog_custom":"","parallax":"1","fullscreen":"1","layout":"right-sidebar","sidebar":"default-sidebar","second_sidebar":"default-sidebar","sticky_sidebar":"1","share_position":"top","share_float_style":"share-monocrhome","show_share_counter":"0","show_view_counter":"0","show_featured":"1","show_post_meta":"1","show_post_author":"0","show_post_author_image":"1","show_post_date":"1","post_date_format":"default","post_date_format_custom":"Y\/m\/d","show_post_category":"1","show_post_reading_time":"0","post_reading_time_wpm":"300","show_zoom_button":"0","zoom_button_out_step":"2","zoom_button_in_step":"3","show_post_tag":"1","show_prev_next_post":"0","show_popup_post":"0","number_popup_post":"1","show_author_box":"0","show_post_related":"1","show_inline_post_related":"0"}],"override_image_size":"0","image_override":[{"single_post_thumbnail_size":"crop-500","single_post_gallery_size":"crop-500"}],"trending_post":"0","trending_post_position":"meta","trending_post_label":"Trending","sponsored_post":"0","sponsored_post_label":"Sponsored by","sponsored_post_name":"","sponsored_post_url":"","sponsored_post_logo_enable":"0","sponsored_post_logo":"","sponsored_post_desc":"","disable_ad":"0"},"jnews_primary_category":{"id":"","hide":""},"jnews_override_counter":{"override_view_counter":"0","view_counter_number":"0","override_share_counter":"0","share_counter_number":"0","override_like_counter":"0","like_counter_number":"0","override_dislike_counter":"0","dislike_counter_number":"0"},"footnotes":""},"categories":[10],"tags":[],"series":[],"class_list":["post-7920","post","type-post","status-publish","format-standard","post-password-required","hentry","category-magazine","rcp-is-restricted","rcp-no-access"],"episode_featured_image":false,"episode_player_image":"https:\/\/accent4.com\/preprod\/wp-content\/uploads\/2024\/10\/Design-Accent-4-Basic-scaled.jpg","download_link":"","player_link":"","audio_player":false,"episode_data":{"playerMode":"dark","subscribeUrls":{"amazon":{"key":"amazon","url":"","label":"Amazon","class":"amazon","icon":"amazon.png"},"deezer":{"key":"deezer","url":"","label":"Deezer","class":"deezer","icon":"deezer.png"},"spotify":{"key":"spotify","url":"","label":"Spotify","class":"spotify","icon":"spotify.png"},"youtube":{"key":"youtube","url":"","label":"YouTube","class":"youtube","icon":"youtube.png"}},"rssFeedUrl":"https:\/\/accent4.com\/preprod\/feed\/podcast\/accent-4","embedCode":"<blockquote class=\"wp-embedded-content\" data-secret=\"jgebq3fmYT\"><a href=\"https:\/\/accent4.com\/preprod\/le-liechtenstein-a-saint-guillaume-des-etoiles-dans-les-yeux-7920\/\">Le Liechtenstein \u00e0 Saint-Guillaume, des \u00e9toiles dans les yeux\u2026<\/a><\/blockquote><iframe sandbox=\"allow-scripts\" security=\"restricted\" src=\"https:\/\/accent4.com\/preprod\/le-liechtenstein-a-saint-guillaume-des-etoiles-dans-les-yeux-7920\/embed\/#?secret=jgebq3fmYT\" width=\"500\" height=\"350\" title=\"\u00ab\u00a0Le Liechtenstein \u00e0 Saint-Guillaume, des \u00e9toiles dans les yeux\u2026\u00a0\u00bb &#8212; [PREPROD] Accent 4\" data-secret=\"jgebq3fmYT\" frameborder=\"0\" marginwidth=\"0\" marginheight=\"0\" scrolling=\"no\" class=\"wp-embedded-content\"><\/iframe><script type=\"text\/javascript\">\n\/* <![CDATA[ *\/\n\/*! This file is auto-generated *\/\n!function(d,l){\"use strict\";l.querySelector&&d.addEventListener&&\"undefined\"!=typeof URL&&(d.wp=d.wp||{},d.wp.receiveEmbedMessage||(d.wp.receiveEmbedMessage=function(e){var t=e.data;if((t||t.secret||t.message||t.value)&&!\/[^a-zA-Z0-9]\/.test(t.secret)){for(var s,r,n,a=l.querySelectorAll('iframe[data-secret=\"'+t.secret+'\"]'),o=l.querySelectorAll('blockquote[data-secret=\"'+t.secret+'\"]'),c=new RegExp(\"^https?:$\",\"i\"),i=0;i<o.length;i++)o[i].style.display=\"none\";for(i=0;i<a.length;i++)s=a[i],e.source===s.contentWindow&&(s.removeAttribute(\"style\"),\"height\"===t.message?(1e3<(r=parseInt(t.value,10))?r=1e3:~~r<200&&(r=200),s.height=r):\"link\"===t.message&&(r=new URL(s.getAttribute(\"src\")),n=new URL(t.value),c.test(n.protocol))&&n.host===r.host&&l.activeElement===s&&(d.top.location.href=t.value))}},d.addEventListener(\"message\",d.wp.receiveEmbedMessage,!1),l.addEventListener(\"DOMContentLoaded\",function(){for(var e,t,s=l.querySelectorAll(\"iframe.wp-embedded-content\"),r=0;r<s.length;r++)(t=(e=s[r]).getAttribute(\"data-secret\"))||(t=Math.random().toString(36).substring(2,12),e.src+=\"#?secret=\"+t,e.setAttribute(\"data-secret\",t)),e.contentWindow.postMessage({message:\"ready\",secret:t},\"*\")},!1)))}(window,document);\n\/\/# sourceURL=https:\/\/accent4.com\/preprod\/wp-includes\/js\/wp-embed.min.js\n\/* ]]> *\/\n<\/script>\n"},"yoast_head":"<!-- This site is optimized with the Yoast SEO plugin v27.4 - https:\/\/yoast.com\/product\/yoast-seo-wordpress\/ -->\n<title>Le Liechtenstein \u00e0 Saint-Guillaume, des \u00e9toiles dans les yeux\u2026 &#8211; [PREPROD] Accent 4<\/title>\n<meta name=\"description\" content=\"Apr\u00e8s le tr\u00e8s grand succ\u00e8s des concerts de No\u00ebl (1200 personnes accueillies en 5 jours), Passions Crois\u00e9es propose le 24 janvier un nouvel \u00e9v\u00e9nement d\u2019envergure alliant, comme \u00e0 son habitude, excellence et originalit\u00e9. Ce concert s\u2019inscrit dans le cadre de la pr\u00e9sidence du Conseil de l\u2019Europe par le Liechtenstein. En pr\u00e9sence de son Gouvernement, c\u2019est une soir\u00e9e int\u00e9gralement Rheinberger qui vous est propos\u00e9e avec un ch\u0153ur professionnel, l\u2019un des meilleurs quatuor fran\u00e7ais et \u2026 l\u2019une des stars europ\u00e9ennes du tissu a\u00e9rien ! Il va falloir lever la t\u00eate\u2026\" \/>\n<meta name=\"robots\" content=\"index, follow, max-snippet:-1, max-image-preview:large, max-video-preview:-1\" \/>\n<link rel=\"canonical\" href=\"https:\/\/accent4.com\/preprod\/le-liechtenstein-a-saint-guillaume-des-etoiles-dans-les-yeux-7920\/\" \/>\n<meta property=\"og:locale\" content=\"fr_FR\" \/>\n<meta property=\"og:type\" content=\"article\" \/>\n<meta property=\"og:title\" content=\"Le Liechtenstein \u00e0 Saint-Guillaume, des \u00e9toiles dans les yeux\u2026 &#8211; [PREPROD] Accent 4\" \/>\n<meta property=\"og:description\" content=\"Apr\u00e8s le tr\u00e8s grand succ\u00e8s des concerts de No\u00ebl (1200 personnes accueillies en 5 jours), Passions Crois\u00e9es propose le 24 janvier un nouvel \u00e9v\u00e9nement d\u2019envergure alliant, comme \u00e0 son habitude, excellence et originalit\u00e9. Ce concert s\u2019inscrit dans le cadre de la pr\u00e9sidence du Conseil de l\u2019Europe par le Liechtenstein. En pr\u00e9sence de son Gouvernement, c\u2019est une soir\u00e9e int\u00e9gralement Rheinberger qui vous est propos\u00e9e avec un ch\u0153ur professionnel, l\u2019un des meilleurs quatuor fran\u00e7ais et \u2026 l\u2019une des stars europ\u00e9ennes du tissu a\u00e9rien ! Il va falloir lever la t\u00eate\u2026\" \/>\n<meta property=\"og:url\" content=\"https:\/\/accent4.com\/preprod\/le-liechtenstein-a-saint-guillaume-des-etoiles-dans-les-yeux-7920\/\" \/>\n<meta property=\"og:site_name\" content=\"[PREPROD] Accent 4\" \/>\n<meta property=\"article:publisher\" content=\"https:\/\/www.facebook.com\/Accent4\/\" \/>\n<meta property=\"article:published_time\" content=\"2024-01-20T11:12:00+00:00\" \/>\n<meta property=\"article:modified_time\" content=\"2024-01-20T11:12:01+00:00\" \/>\n<meta name=\"author\" content=\"Laurent Genvo\" \/>\n<meta name=\"twitter:card\" content=\"summary_large_image\" \/>\n<meta name=\"twitter:label1\" content=\"\u00c9crit par\" \/>\n\t<meta name=\"twitter:data1\" content=\"Laurent Genvo\" \/>\n\t<meta name=\"twitter:label2\" content=\"Dur\u00e9e de lecture estim\u00e9e\" \/>\n\t<meta name=\"twitter:data2\" content=\"5 minutes\" \/>\n<script type=\"application\/ld+json\" class=\"yoast-schema-graph\">{\"@context\":\"https:\\\/\\\/schema.org\",\"@graph\":[{\"@type\":\"WebPage\",\"@id\":\"https:\\\/\\\/accent4.com\\\/preprod\\\/le-liechtenstein-a-saint-guillaume-des-etoiles-dans-les-yeux-7920\\\/\",\"url\":\"https:\\\/\\\/accent4.com\\\/preprod\\\/le-liechtenstein-a-saint-guillaume-des-etoiles-dans-les-yeux-7920\\\/\",\"name\":\"Le Liechtenstein \u00e0 Saint-Guillaume, des \u00e9toiles dans les yeux\u2026 &#8211; [PREPROD] Accent 4\",\"isPartOf\":{\"@id\":\"https:\\\/\\\/accent4.com\\\/preprod\\\/#website\"},\"datePublished\":\"2024-01-20T11:12:00+00:00\",\"dateModified\":\"2024-01-20T11:12:01+00:00\",\"breadcrumb\":{\"@id\":\"https:\\\/\\\/accent4.com\\\/preprod\\\/le-liechtenstein-a-saint-guillaume-des-etoiles-dans-les-yeux-7920\\\/#breadcrumb\"},\"inLanguage\":\"fr-FR\"},{\"@type\":\"WebSite\",\"@id\":\"https:\\\/\\\/accent4.com\\\/preprod\\\/#website\",\"url\":\"https:\\\/\\\/accent4.com\\\/preprod\\\/\",\"name\":\"Accent 4 - L'instant classique - Radio\",\"description\":\"L&#039;instant classique\",\"publisher\":{\"@id\":\"https:\\\/\\\/accent4.com\\\/preprod\\\/#organization\"},\"potentialAction\":[{\"@type\":\"SearchAction\",\"target\":{\"@type\":\"EntryPoint\",\"urlTemplate\":\"https:\\\/\\\/accent4.com\\\/preprod\\\/?s={search_term_string}\"},\"query-input\":{\"@type\":\"PropertyValueSpecification\",\"valueRequired\":true,\"valueName\":\"search_term_string\"}}],\"inLanguage\":\"fr-FR\"},{\"@type\":\"Organization\",\"@id\":\"https:\\\/\\\/accent4.com\\\/preprod\\\/#organization\",\"name\":\"Accent 4\",\"url\":\"https:\\\/\\\/accent4.com\\\/preprod\\\/\",\"logo\":{\"@type\":\"ImageObject\",\"inLanguage\":\"fr-FR\",\"@id\":\"https:\\\/\\\/accent4.com\\\/preprod\\\/#\\\/schema\\\/logo\\\/image\\\/\",\"url\":\"https:\\\/\\\/accent4.com\\\/preprod\\\/wp-content\\\/uploads\\\/2019\\\/07\\\/cropped-logo-white.png\",\"contentUrl\":\"https:\\\/\\\/accent4.com\\\/preprod\\\/wp-content\\\/uploads\\\/2019\\\/07\\\/cropped-logo-white.png\",\"width\":512,\"height\":512,\"caption\":\"Accent 4\"},\"image\":{\"@id\":\"https:\\\/\\\/accent4.com\\\/preprod\\\/#\\\/schema\\\/logo\\\/image\\\/\"},\"sameAs\":[\"https:\\\/\\\/www.facebook.com\\\/Accent4\\\/\",\"https:\\\/\\\/www.instagram.com\\\/radioaccent4\\\/\"]}]}<\/script>\n<!-- \/ Yoast SEO plugin. -->","yoast_head_json":{"title":"Le Liechtenstein \u00e0 Saint-Guillaume, des \u00e9toiles dans les yeux\u2026 &#8211; [PREPROD] Accent 4","description":"Apr\u00e8s le tr\u00e8s grand succ\u00e8s des concerts de No\u00ebl (1200 personnes accueillies en 5 jours), Passions Crois\u00e9es propose le 24 janvier un nouvel \u00e9v\u00e9nement d\u2019envergure alliant, comme \u00e0 son habitude, excellence et originalit\u00e9. Ce concert s\u2019inscrit dans le cadre de la pr\u00e9sidence du Conseil de l\u2019Europe par le Liechtenstein. En pr\u00e9sence de son Gouvernement, c\u2019est une soir\u00e9e int\u00e9gralement Rheinberger qui vous est propos\u00e9e avec un ch\u0153ur professionnel, l\u2019un des meilleurs quatuor fran\u00e7ais et \u2026 l\u2019une des stars europ\u00e9ennes du tissu a\u00e9rien ! Il va falloir lever la t\u00eate\u2026","robots":{"index":"index","follow":"follow","max-snippet":"max-snippet:-1","max-image-preview":"max-image-preview:large","max-video-preview":"max-video-preview:-1"},"canonical":"https:\/\/accent4.com\/preprod\/le-liechtenstein-a-saint-guillaume-des-etoiles-dans-les-yeux-7920\/","og_locale":"fr_FR","og_type":"article","og_title":"Le Liechtenstein \u00e0 Saint-Guillaume, des \u00e9toiles dans les yeux\u2026 &#8211; [PREPROD] Accent 4","og_description":"Apr\u00e8s le tr\u00e8s grand succ\u00e8s des concerts de No\u00ebl (1200 personnes accueillies en 5 jours), Passions Crois\u00e9es propose le 24 janvier un nouvel \u00e9v\u00e9nement d\u2019envergure alliant, comme \u00e0 son habitude, excellence et originalit\u00e9. Ce concert s\u2019inscrit dans le cadre de la pr\u00e9sidence du Conseil de l\u2019Europe par le Liechtenstein. En pr\u00e9sence de son Gouvernement, c\u2019est une soir\u00e9e int\u00e9gralement Rheinberger qui vous est propos\u00e9e avec un ch\u0153ur professionnel, l\u2019un des meilleurs quatuor fran\u00e7ais et \u2026 l\u2019une des stars europ\u00e9ennes du tissu a\u00e9rien ! Il va falloir lever la t\u00eate\u2026","og_url":"https:\/\/accent4.com\/preprod\/le-liechtenstein-a-saint-guillaume-des-etoiles-dans-les-yeux-7920\/","og_site_name":"[PREPROD] Accent 4","article_publisher":"https:\/\/www.facebook.com\/Accent4\/","article_published_time":"2024-01-20T11:12:00+00:00","article_modified_time":"2024-01-20T11:12:01+00:00","author":"Laurent Genvo","twitter_card":"summary_large_image","twitter_misc":{"\u00c9crit par":"Laurent Genvo","Dur\u00e9e de lecture estim\u00e9e":"5 minutes"},"schema":{"@context":"https:\/\/schema.org","@graph":[{"@type":"WebPage","@id":"https:\/\/accent4.com\/preprod\/le-liechtenstein-a-saint-guillaume-des-etoiles-dans-les-yeux-7920\/","url":"https:\/\/accent4.com\/preprod\/le-liechtenstein-a-saint-guillaume-des-etoiles-dans-les-yeux-7920\/","name":"Le Liechtenstein \u00e0 Saint-Guillaume, des \u00e9toiles dans les yeux\u2026 &#8211; [PREPROD] Accent 4","isPartOf":{"@id":"https:\/\/accent4.com\/preprod\/#website"},"datePublished":"2024-01-20T11:12:00+00:00","dateModified":"2024-01-20T11:12:01+00:00","breadcrumb":{"@id":"https:\/\/accent4.com\/preprod\/le-liechtenstein-a-saint-guillaume-des-etoiles-dans-les-yeux-7920\/#breadcrumb"},"inLanguage":"fr-FR"},{"@type":"WebSite","@id":"https:\/\/accent4.com\/preprod\/#website","url":"https:\/\/accent4.com\/preprod\/","name":"Accent 4 - L'instant classique - Radio","description":"L&#039;instant classique","publisher":{"@id":"https:\/\/accent4.com\/preprod\/#organization"},"potentialAction":[{"@type":"SearchAction","target":{"@type":"EntryPoint","urlTemplate":"https:\/\/accent4.com\/preprod\/?s={search_term_string}"},"query-input":{"@type":"PropertyValueSpecification","valueRequired":true,"valueName":"search_term_string"}}],"inLanguage":"fr-FR"},{"@type":"Organization","@id":"https:\/\/accent4.com\/preprod\/#organization","name":"Accent 4","url":"https:\/\/accent4.com\/preprod\/","logo":{"@type":"ImageObject","inLanguage":"fr-FR","@id":"https:\/\/accent4.com\/preprod\/#\/schema\/logo\/image\/","url":"https:\/\/accent4.com\/preprod\/wp-content\/uploads\/2019\/07\/cropped-logo-white.png","contentUrl":"https:\/\/accent4.com\/preprod\/wp-content\/uploads\/2019\/07\/cropped-logo-white.png","width":512,"height":512,"caption":"Accent 4"},"image":{"@id":"https:\/\/accent4.com\/preprod\/#\/schema\/logo\/image\/"},"sameAs":["https:\/\/www.facebook.com\/Accent4\/","https:\/\/www.instagram.com\/radioaccent4\/"]}]}},"amp_enabled":true,"_links":{"self":[{"href":"https:\/\/accent4.com\/preprod\/wp-json\/wp\/v2\/posts\/7920","targetHints":{"allow":["GET"]}}],"collection":[{"href":"https:\/\/accent4.com\/preprod\/wp-json\/wp\/v2\/posts"}],"about":[{"href":"https:\/\/accent4.com\/preprod\/wp-json\/wp\/v2\/types\/post"}],"author":[{"embeddable":true,"href":"https:\/\/accent4.com\/preprod\/wp-json\/wp\/v2\/users\/4665"}],"replies":[{"embeddable":true,"href":"https:\/\/accent4.com\/preprod\/wp-json\/wp\/v2\/comments?post=7920"}],"version-history":[{"count":0,"href":"https:\/\/accent4.com\/preprod\/wp-json\/wp\/v2\/posts\/7920\/revisions"}],"wp:attachment":[{"href":"https:\/\/accent4.com\/preprod\/wp-json\/wp\/v2\/media?parent=7920"}],"wp:term":[{"taxonomy":"category","embeddable":true,"href":"https:\/\/accent4.com\/preprod\/wp-json\/wp\/v2\/categories?post=7920"},{"taxonomy":"post_tag","embeddable":true,"href":"https:\/\/accent4.com\/preprod\/wp-json\/wp\/v2\/tags?post=7920"},{"taxonomy":"series","embeddable":true,"href":"https:\/\/accent4.com\/preprod\/wp-json\/wp\/v2\/series?post=7920"}],"curies":[{"name":"wp","href":"https:\/\/api.w.org\/{rel}","templated":true}]}}